{"id":11523,"date":"2024-09-24T11:51:59","date_gmt":"2024-09-24T11:51:59","guid":{"rendered":"https:\/\/ladepeche.mr\/?p=11523"},"modified":"2024-09-24T13:15:56","modified_gmt":"2024-09-24T13:15:56","slug":"suite-a-des-declarations-sur-le-ministre-des-affaires-islamiques-et-les-eau-un-imam-regrette-la-maniere-dont-il-a-fait-lobjet","status":"publish","type":"post","link":"https:\/\/ladepeche.mr\/?p=11523","title":{"rendered":"Suite \u00e0 des d\u00e9clarations sur le ministre des affaires islamiques et les EAU: Un imam regrette la mani\u00e8re &#8220;polici\u00e8re&#8221; dont il a fait l\u2019objet"},"content":{"rendered":"<p>L&#8217;imam de la mosqu\u00e9e Dhou Nourreyn, Bah Ould Beddah, interpel\u00e9 par la police, avant d\u2019\u00eatre relax\u00e9, a dit comprendre devoir r\u00e9pondre de ses actes s\u2019ils \u00e9taient r\u00e9pr\u00e9hensibles mais regrette la mani\u00e8re dont s\u2019est pris la police pour l\u2019emmener, sans m\u00e9nagement, au commissariat.<\/p>\n<p>Dans une d\u00e9claration faite \u00e0 nos confr\u00e8res de Alakhbar, l\u2019imam qui reconnait cependant avoir \u00e9t\u00e9 mieux trait\u00e9 \u00e0 son arriv\u00e9e au commissariat de police, a estim\u00e9 qu\u2019un Imam n\u2019est pas au-dessus des lois et devrait en r\u00e9pondre pourvu qu\u2019il les ait viol\u00e9es. Mais il a encore soulign\u00e9 qu\u2019en raison de son statut, l\u2019Imam devait \u00eatre trait\u00e9 avec respect par la police.<\/p>\n<p>Il a par ailleurs r\u00e9v\u00e9l\u00e9 qu\u2019il a \u00e9t\u00e9 l\u2019objet d\u2019un interrogatoire \u00e0 l\u2019issue duquel on lui a demand\u00e9 de signer un engagement sur l\u2019honneur qu\u2019il a refus\u00e9 de parapher avant d\u2019\u00eatre rel\u00e2ch\u00e9 sans autre forme de proc\u00e8s.<\/p>\n<p>Bah Ould Beddah s\u2019en serait pris au ministre des affaires islamiques et de l\u2019enseignement originel, Sidi Yahya Ould Cheikhna Ould Lemrabott et aux Emirats Arabes Unis.<\/p>\n<p>L\u2019imam a en outre soulign\u00e9 que la mesure disciplinaire prise contre lui par le minist\u00e8re de tutelle (interdiction de diriger la pri\u00e8re du vendredi pendant huit semaines) n\u2019a pas eu d\u2019effet car les fid\u00e8les n\u2019ont pas commis un autre imam \u00e0 sa place.<\/p>\n<p>Dans une d\u00e9cision motiv\u00e9e par \u00able d\u00e9rapage verbal contre un pays \u00e9tranger et contre le ministre de tutelle \u00bb, le responsable du Comit\u00e9 de r\u00e9solution des conflits au minist\u00e8re des Affaires islamiques et de l&#8217;enseignement originel, indique que l\u2019imam avait d\u00e9cr\u00e9t\u00e9 suspendu de diriger la pri\u00e8re du vendredi pendant 8 semaines.<\/p>\n<p>&nbsp;<\/p>\n","protected":false},"excerpt":{"rendered":"<p>L&#8217;imam de la mosqu\u00e9e Dhou Nourreyn, Bah Ould Beddah, interpel\u00e9 par la police, avant d\u2019\u00eatre relax\u00e9, a dit comprendre devoir r\u00e9pondre de ses actes s\u2019ils \u00e9taient r\u00e9pr\u00e9hensibles mais regrette la mani\u00e8re dont s\u2019est pris la police pour l\u2019emmener, sans m\u00e9nagement, au commissariat. Dans une d\u00e9claration faite \u00e0 nos confr\u00e8res de Alakhbar, l\u2019imam qui reconnait cependant &hellip;<\/p>\n","protected":false},"author":2,"featured_media":11524,"comment_status":"open","ping_status":"open","sticky":false,"template":"","format":"standard","meta":{"footnotes":""},"categories":[18],"tags":[],"class_list":["post-11523","post","type-post","status-publish","format-standard","has-post-thumbnail","hentry","category-actualites"],"_links":{"self":[{"href":"https:\/\/ladepeche.mr\/index.php?rest_route=\/wp\/v2\/posts\/11523","targetHints":{"allow":["GET"]}}],"collection":[{"href":"https:\/\/ladepeche.mr\/index.php?rest_route=\/wp\/v2\/posts"}],"about":[{"href":"https:\/\/ladepeche.mr\/index.php?rest_route=\/wp\/v2\/types\/post"}],"author":[{"embeddable":true,"href":"https:\/\/ladepeche.mr\/index.php?rest_route=\/wp\/v2\/users\/2"}],"replies":[{"embeddable":true,"href":"https:\/\/ladepeche.mr\/index.php?rest_route=%2Fwp%2Fv2%2Fcomments&post=11523"}],"version-history":[{"count":3,"href":"https:\/\/ladepeche.mr\/index.php?rest_route=\/wp\/v2\/posts\/11523\/revisions"}],"predecessor-version":[{"id":11527,"href":"https:\/\/ladepeche.mr\/index.php?rest_route=\/wp\/v2\/posts\/11523\/revisions\/11527"}],"wp:featuredmedia":[{"embeddable":true,"href":"https:\/\/ladepeche.mr\/index.php?rest_route=\/wp\/v2\/media\/11524"}],"wp:attachment":[{"href":"https:\/\/ladepeche.mr\/index.php?rest_route=%2Fwp%2Fv2%2Fmedia&parent=11523"}],"wp:term":[{"taxonomy":"category","embeddable":true,"href":"https:\/\/ladepeche.mr\/index.php?rest_route=%2Fwp%2Fv2%2Fcategories&post=11523"},{"taxonomy":"post_tag","embeddable":true,"href":"https:\/\/ladepeche.mr\/index.php?rest_route=%2Fwp%2Fv2%2Ftags&post=11523"}],"curies":[{"name":"wp","href":"https:\/\/api.w.org\/{rel}","templated":true}]}}