{"id":11529,"date":"2024-09-24T19:39:12","date_gmt":"2024-09-24T19:39:12","guid":{"rendered":"https:\/\/ladepeche.mr\/?p=11529"},"modified":"2024-09-24T19:39:12","modified_gmt":"2024-09-24T19:39:12","slug":"education-le-bresil-accorde-plusieurs-bourses-aux-etudiants-mauritaniens","status":"publish","type":"post","link":"https:\/\/ladepeche.mr\/?p=11529","title":{"rendered":"Education\u00a0: Le Br\u00e9sil accorde plusieurs bourses aux \u00e9tudiants mauritaniens"},"content":{"rendered":"<p style=\"background: white; margin: 0cm 0cm 12.75pt 0cm;\"><span style=\"font-family: 'Louguiya Bold',serif; color: black;\">Le Br\u00e9sil vient d\u2019accorder, en vertu d\u2019un accord de coop\u00e9ration avec la Mauritanie, plusieurs bourses de formation dans les domaines \u00abde la recherche scientifique, de la formation des enseignants et des chercheurs, de la promotion de la mobilit\u00e9 universitaire et de l\u2019\u00e9change d\u2019informations et d\u2019expertise\u00a0\u00bb, a-t-on officiellement annonc\u00e9.<\/span><\/p>\n<p style=\"background: white; margin: 0cm 0cm 12.75pt 0cm;\"><span style=\"font-family: 'Louguiya Bold',serif; color: black;\">L\u2019accord a \u00e9t\u00e9 sign\u00e9 mardi par le ministre de l\u2019enseignement sup\u00e9rieur et de la recherche scientifique, Yacoub Ould Moine, et l\u2019ambassadeur de la R\u00e9publique f\u00e9d\u00e9rative du Br\u00e9sil, Ivaldo Freire. Un accord pour la conclusion duquel s\u2019est investi le d\u00e9put\u00e9 Mohamed Mokhtar Mohamed El Hassan, pr\u00e9sident du groupe d\u2019amiti\u00e9 mauritano-br\u00e9silien.<\/span><\/p>\n<p style=\"background: white; margin: 0cm 0cm 12.75pt 0cm;\"><span style=\"font-family: 'Louguiya Bold',serif; color: black;\">Dans un \u00e9change d\u2019allocutions avec le diplomate br\u00e9silien, Ould Moine a r\u00e9v\u00e9l\u00e9 qu\u2019un d\u00e9partement de langue portugaise verra le jour \u00e0 l\u2019Universit\u00e9 de Nouakchott gr\u00e2ce \u00e0 la coop\u00e9ration br\u00e9silienne. Une coop\u00e9ration qui ira crescendo assure l\u2019ambassadeur br\u00e9silien. <\/span><\/p>\n<p style=\"background: white; margin: 0cm 0cm 12.75pt 0cm;\"><span style=\"font-family: 'Louguiya Bold',serif; color: black;\">A noter qu\u2019outre cet accord dans le secteur de l\u2019\u00e9ducation, la coop\u00e9ration bilat\u00e9rale entre les deux pays amis a \u00e9t\u00e9 renforc\u00e9e, il y a quelques semaines, par l\u2019inauguration d\u2019\u00e9changes commerciaux priv\u00e9s dans le secteur des p\u00eaches.<\/span><\/p>\n","protected":false},"excerpt":{"rendered":"<p>Le Br\u00e9sil vient d\u2019accorder, en vertu d\u2019un accord de coop\u00e9ration avec la Mauritanie, plusieurs bourses de formation dans les domaines \u00abde la recherche scientifique, de la formation des enseignants et des chercheurs, de la promotion de la mobilit\u00e9 universitaire et de l\u2019\u00e9change d\u2019informations et d\u2019expertise\u00a0\u00bb, a-t-on officiellement annonc\u00e9. L\u2019accord a \u00e9t\u00e9 sign\u00e9 mardi par le &hellip;<\/p>\n","protected":false},"author":2,"featured_media":11530,"comment_status":"open","ping_status":"open","sticky":false,"template":"","format":"standard","meta":{"footnotes":""},"categories":[18,2],"tags":[],"class_list":["post-11529","post","type-post","status-publish","format-standard","has-post-thumbnail","hentry","category-actualites","category-economie"],"_links":{"self":[{"href":"https:\/\/ladepeche.mr\/index.php?rest_route=\/wp\/v2\/posts\/11529","targetHints":{"allow":["GET"]}}],"collection":[{"href":"https:\/\/ladepeche.mr\/index.php?rest_route=\/wp\/v2\/posts"}],"about":[{"href":"https:\/\/ladepeche.mr\/index.php?rest_route=\/wp\/v2\/types\/post"}],"author":[{"embeddable":true,"href":"https:\/\/ladepeche.mr\/index.php?rest_route=\/wp\/v2\/users\/2"}],"replies":[{"embeddable":true,"href":"https:\/\/ladepeche.mr\/index.php?rest_route=%2Fwp%2Fv2%2Fcomments&post=11529"}],"version-history":[{"count":1,"href":"https:\/\/ladepeche.mr\/index.php?rest_route=\/wp\/v2\/posts\/11529\/revisions"}],"predecessor-version":[{"id":11531,"href":"https:\/\/ladepeche.mr\/index.php?rest_route=\/wp\/v2\/posts\/11529\/revisions\/11531"}],"wp:featuredmedia":[{"embeddable":true,"href":"https:\/\/ladepeche.mr\/index.php?rest_route=\/wp\/v2\/media\/11530"}],"wp:attachment":[{"href":"https:\/\/ladepeche.mr\/index.php?rest_route=%2Fwp%2Fv2%2Fmedia&parent=11529"}],"wp:term":[{"taxonomy":"category","embeddable":true,"href":"https:\/\/ladepeche.mr\/index.php?rest_route=%2Fwp%2Fv2%2Fcategories&post=11529"},{"taxonomy":"post_tag","embeddable":true,"href":"https:\/\/ladepeche.mr\/index.php?rest_route=%2Fwp%2Fv2%2Ftags&post=11529"}],"curies":[{"name":"wp","href":"https:\/\/api.w.org\/{rel}","templated":true}]}}