{"id":11534,"date":"2024-09-24T21:30:59","date_gmt":"2024-09-24T21:30:59","guid":{"rendered":"https:\/\/ladepeche.mr\/?p=11534"},"modified":"2024-09-24T20:32:37","modified_gmt":"2024-09-24T20:32:37","slug":"sante-la-mauritanie-regule-les-activites-de-formation","status":"publish","type":"post","link":"https:\/\/ladepeche.mr\/?p=11534","title":{"rendered":"Sant\u00e9 : la Mauritanie r\u00e9gule les activit\u00e9s de formation"},"content":{"rendered":"<p class=\"texte textearticle\"><strong>En 2022, la Mauritanie a entam\u00e9 la mise en \u0153uvre de son plan national de d\u00e9veloppement sanitaire qui ambitionne de garantir la couverture sant\u00e9 universelle \u00e0 l\u2019horizon 2030.<\/strong><\/p>\n<p class=\"texte textearticle\">Le minist\u00e8re mauritanien de la Sant\u00e9 a publi\u00e9, lundi 23 septembre, une circulaire r\u00e9gissant l\u2019activit\u00e9 de formation dans le domaine de la sant\u00e9. Sur le document sign\u00e9 du ministre de la Sant\u00e9, Abdallah Sidi Mohamed Wadeh (photo), et adress\u00e9 aux services centraux et d\u00e9concentr\u00e9s, on peut lire en objet\u00a0:\u00a0\u00ab\u00a0Interdiction de formation dans le domaine de la sant\u00e9 pour toutes les ONG sans autorisation pr\u00e9alable du minist\u00e8re de la Sant\u00e9\u00a0\u00bb.<\/p>\n<p class=\"texte textearticle\">Selon la m\u00eame source, cette d\u00e9cision r\u00e9sulte du constat selon lequel les organisations proposent de plus en plus des programmes de formation dans les sciences de la sant\u00e9.<\/p>\n<p class=\"texte textearticle\">A ce sujet, le gouvernement est clair\u00a0:\u00a0<em>\u00ab\u00a0la formation dans le domaine de la sant\u00e9 est exclusivement r\u00e9serv\u00e9e aux \u00e9coles de sant\u00e9 publique et aux programmes nationaux de sant\u00e9\u00a0\u00bb<\/em>. La nouvelle mesure instruit aux structures sanitaires publiques comme priv\u00e9es de ne tenir aucun cas des titulaires du certificat d\u00e9livr\u00e9 par les ONG lors des recrutements.<\/p>\n<p class=\"texte textearticle\">Ces mesures ont pour objectif d\u2019assainir le syst\u00e8me sanitaire mauritanien. Le pays maghr\u00e9bin met actuellement en \u0153uvre un Plan national de d\u00e9veloppement sanitaire couvrant la p\u00e9riode 2022-2030 dont le principal d\u00e9fi est de garantir une couverture sant\u00e9 universelle. Adoss\u00e9 \u00e0 plusieurs piliers, ce plan accorde une place de choix \u00e0 la mise \u00e0 disposition d\u2019un personnel sanitaire de qualit\u00e9.<\/p>\n<p class=\"texte textearticle\">Rappelons que la Mauritanie conna\u00eet un d\u00e9ficit de personnel sanitaire qualifi\u00e9. Les donn\u00e9es du minist\u00e8re de la Sant\u00e9 indiquent que dans le pays, le ratio du personnel sanitaire qualifi\u00e9 est de 15 pour 10\u00a0000 habitants alors que l\u2019Organisation mondiale de la sant\u00e9 (OMS) recommande 23 professionnels pour 10\u00a0000 habitants. Dans le m\u00eame temps, le ratio de m\u00e9decin est de 0,16\/1000 habitants alors que l\u2019OMS recommande 2,3\/1000 habitants, et celui des infirmiers \u00e0 0,34\/300 habitants alors que l\u2019OMS recommande 1 infirmier pour 300 habitants.<\/p>\n<p class=\"texte textearticle\"><strong><em>Vanessa Ngono Atangana (agenceecofin.com)<\/em><\/strong><\/p>\n","protected":false},"excerpt":{"rendered":"<p>En 2022, la Mauritanie a entam\u00e9 la mise en \u0153uvre de son plan national de d\u00e9veloppement sanitaire qui ambitionne de garantir la couverture sant\u00e9 universelle \u00e0 l\u2019horizon 2030. Le minist\u00e8re mauritanien de la Sant\u00e9 a publi\u00e9, lundi 23 septembre, une circulaire r\u00e9gissant l\u2019activit\u00e9 de formation dans le domaine de la sant\u00e9. Sur le document sign\u00e9 &hellip;<\/p>\n","protected":false},"author":2,"featured_media":11535,"comment_status":"open","ping_status":"open","sticky":false,"template":"","format":"standard","meta":{"footnotes":""},"categories":[18,27],"tags":[],"class_list":["post-11534","post","type-post","status-publish","format-standard","has-post-thumbnail","hentry","category-actualites","category-sante"],"_links":{"self":[{"href":"https:\/\/ladepeche.mr\/index.php?rest_route=\/wp\/v2\/posts\/11534","targetHints":{"allow":["GET"]}}],"collection":[{"href":"https:\/\/ladepeche.mr\/index.php?rest_route=\/wp\/v2\/posts"}],"about":[{"href":"https:\/\/ladepeche.mr\/index.php?rest_route=\/wp\/v2\/types\/post"}],"author":[{"embeddable":true,"href":"https:\/\/ladepeche.mr\/index.php?rest_route=\/wp\/v2\/users\/2"}],"replies":[{"embeddable":true,"href":"https:\/\/ladepeche.mr\/index.php?rest_route=%2Fwp%2Fv2%2Fcomments&post=11534"}],"version-history":[{"count":1,"href":"https:\/\/ladepeche.mr\/index.php?rest_route=\/wp\/v2\/posts\/11534\/revisions"}],"predecessor-version":[{"id":11536,"href":"https:\/\/ladepeche.mr\/index.php?rest_route=\/wp\/v2\/posts\/11534\/revisions\/11536"}],"wp:featuredmedia":[{"embeddable":true,"href":"https:\/\/ladepeche.mr\/index.php?rest_route=\/wp\/v2\/media\/11535"}],"wp:attachment":[{"href":"https:\/\/ladepeche.mr\/index.php?rest_route=%2Fwp%2Fv2%2Fmedia&parent=11534"}],"wp:term":[{"taxonomy":"category","embeddable":true,"href":"https:\/\/ladepeche.mr\/index.php?rest_route=%2Fwp%2Fv2%2Fcategories&post=11534"},{"taxonomy":"post_tag","embeddable":true,"href":"https:\/\/ladepeche.mr\/index.php?rest_route=%2Fwp%2Fv2%2Ftags&post=11534"}],"curies":[{"name":"wp","href":"https:\/\/api.w.org\/{rel}","templated":true}]}}