{"id":11537,"date":"2024-09-24T22:30:16","date_gmt":"2024-09-24T22:30:16","guid":{"rendered":"https:\/\/ladepeche.mr\/?p=11537"},"modified":"2024-09-24T20:36:49","modified_gmt":"2024-09-24T20:36:49","slug":"massacre-de-thiaroye-le-senegal-envisage-une-nouvelle-demande-de-restitution-des-archives-francaises","status":"publish","type":"post","link":"https:\/\/ladepeche.mr\/?p=11537","title":{"rendered":"Massacre de Thiaroye : le S\u00e9n\u00e9gal envisage une nouvelle demande de restitution des archives fran\u00e7aises"},"content":{"rendered":"<div class=\"article__heading\">\n<p class=\"article__desc\">Le premier ministre Ousmane Sonko a instaur\u00e9 un comit\u00e9 de comm\u00e9moration charg\u00e9 de faire toute la lumi\u00e8re sur la mort de dizaines de tirailleurs africains ex\u00e9cut\u00e9s par le pouvoir colonial en\u00a01944.<\/p>\n<\/div>\n<p class=\"article__paragraph \">La r\u00e9ponse avait \u00e9t\u00e9 cinglante.\u00a0<em>\u00ab\u00a0La France doit revoir ses m\u00e9thodes\u00a0!\u00a0<\/em>[\u2026]<em>\u00a0Elle ne pourra plus ni faire, ni conter seule ce bout d\u2019histoire tragique\u00a0\u00bb<\/em>, avait jug\u00e9 Ousmane Sonko, fin juillet, en r\u00e9action \u00e0 la d\u00e9cision de Paris d\u2019attribuer la mention \u00ab\u00a0Mort pour la France\u00a0\u00bb \u00e0 six tirailleurs africains assassin\u00e9s avec des dizaines d\u2019autres \u00e0 Thiaroye, en banlieue de Dakar, le 1<sup>er<\/sup>\u00a0d\u00e9cembre\u00a01944, sur ordre du pouvoir colonial.<\/p>\n<p class=\"article__paragraph \"><em>\u00ab\u00a0Ce n\u2019est pas \u00e0 elle\u00a0<\/em>[la France]<em>\u00a0de fixer unilat\u00e9ralement le nombre d\u2019Africains trahis et assassin\u00e9s apr\u00e8s avoir contribu\u00e9 \u00e0 la sauver, ni le type et la port\u00e9e de la reconnaissance et des r\u00e9parations qu\u2019ils m\u00e9ritent\u00a0\u00bb,<\/em>\u00a0avait poursuivi le premier ministre s\u00e9n\u00e9galais, assurant que d\u00e9sormais,\u00a0<em>\u00ab\u00a0Thiaroye 44, comme tout le reste, sera rem\u00e9mor\u00e9 autrement\u00a0\u00bb<\/em>.<\/p>\n<p>Le leader du parti des Patriotes africains du\u00a0<a href=\"https:\/\/www.lemonde.fr\/senegal\/\">S\u00e9n\u00e9gal<\/a>\u00a0pour le travail, l\u2019\u00e9thique et la fraternit\u00e9 (Pastef), formation panafricaniste arriv\u00e9e au pouvoir en mars avec l\u2019\u00e9lection de Bassirou Diomaye Faye \u00e0 la pr\u00e9sidence, a depuis pos\u00e9 les jalons de sa politique m\u00e9morielle. Le 16\u00a0ao\u00fbt, au lendemain des c\u00e9r\u00e9monies en hommage au d\u00e9barquement de Provence en France \u2013 auxquelles Bassirou Diomaye Faye n\u2019a pas pris part \u2013, Ousmane\u00a0Sonko a install\u00e9, depuis la primature, le comit\u00e9 de comm\u00e9moration du 80<sup>e<\/sup>\u00a0anniversaire du massacre de Thiaroye.<\/p>\n<p>A la vingtaine d\u2019universitaires et de membres de la soci\u00e9t\u00e9 civile r\u00e9unis ce jour-l\u00e0 autour de lui, il a fix\u00e9 les objectifs \u00e0 atteindre.\u00a0<em>\u00ab\u00a0Il vous appartiendra d\u2019aller plus loin dans la manifestation de la v\u00e9rit\u00e9, pour que justice soit rendue et que les le\u00e7ons de cette trag\u00e9die soient pleinement int\u00e9gr\u00e9es dans notre conscience collective\u00a0\u00bb,<\/em> a-t-il ordonn\u00e9, faisant allusion aux nombreuses zones d\u2019ombre qui entourent toujours le massacre. https:\/\/www.lemonde.fr\/afrique\/article\/2024\/09\/16\/massacre-de-thiaroye-le-senegal-envisage-une-nouvelle-demande-de-restitution-des-archives-francaises_6320292_3212.html<\/p>\n","protected":false},"excerpt":{"rendered":"<p>Le premier ministre Ousmane Sonko a instaur\u00e9 un comit\u00e9 de comm\u00e9moration charg\u00e9 de faire toute la lumi\u00e8re sur la mort de dizaines de tirailleurs africains ex\u00e9cut\u00e9s par le pouvoir colonial en\u00a01944. La r\u00e9ponse avait \u00e9t\u00e9 cinglante.\u00a0\u00ab\u00a0La France doit revoir ses m\u00e9thodes\u00a0!\u00a0[\u2026]\u00a0Elle ne pourra plus ni faire, ni conter seule ce bout d\u2019histoire tragique\u00a0\u00bb, avait jug\u00e9 &hellip;<\/p>\n","protected":false},"author":2,"featured_media":11538,"comment_status":"open","ping_status":"open","sticky":false,"template":"","format":"standard","meta":{"footnotes":""},"categories":[18,29],"tags":[],"class_list":["post-11537","post","type-post","status-publish","format-standard","has-post-thumbnail","hentry","category-actualites","category-monde"],"_links":{"self":[{"href":"https:\/\/ladepeche.mr\/index.php?rest_route=\/wp\/v2\/posts\/11537","targetHints":{"allow":["GET"]}}],"collection":[{"href":"https:\/\/ladepeche.mr\/index.php?rest_route=\/wp\/v2\/posts"}],"about":[{"href":"https:\/\/ladepeche.mr\/index.php?rest_route=\/wp\/v2\/types\/post"}],"author":[{"embeddable":true,"href":"https:\/\/ladepeche.mr\/index.php?rest_route=\/wp\/v2\/users\/2"}],"replies":[{"embeddable":true,"href":"https:\/\/ladepeche.mr\/index.php?rest_route=%2Fwp%2Fv2%2Fcomments&post=11537"}],"version-history":[{"count":1,"href":"https:\/\/ladepeche.mr\/index.php?rest_route=\/wp\/v2\/posts\/11537\/revisions"}],"predecessor-version":[{"id":11539,"href":"https:\/\/ladepeche.mr\/index.php?rest_route=\/wp\/v2\/posts\/11537\/revisions\/11539"}],"wp:featuredmedia":[{"embeddable":true,"href":"https:\/\/ladepeche.mr\/index.php?rest_route=\/wp\/v2\/media\/11538"}],"wp:attachment":[{"href":"https:\/\/ladepeche.mr\/index.php?rest_route=%2Fwp%2Fv2%2Fmedia&parent=11537"}],"wp:term":[{"taxonomy":"category","embeddable":true,"href":"https:\/\/ladepeche.mr\/index.php?rest_route=%2Fwp%2Fv2%2Fcategories&post=11537"},{"taxonomy":"post_tag","embeddable":true,"href":"https:\/\/ladepeche.mr\/index.php?rest_route=%2Fwp%2Fv2%2Ftags&post=11537"}],"curies":[{"name":"wp","href":"https:\/\/api.w.org\/{rel}","templated":true}]}}