{"id":1154,"date":"2022-07-22T11:49:08","date_gmt":"2022-07-22T11:49:08","guid":{"rendered":"https:\/\/ladepeche.mr\/?p=1154"},"modified":"2022-07-22T11:49:21","modified_gmt":"2022-07-22T11:49:21","slug":"ghazouani-nos-conditions-ne-sont-pas-les-plus-mauvaises-comparees-a-dautres-pays-et-notre-proche-avenir-sera-prospere","status":"publish","type":"post","link":"https:\/\/ladepeche.mr\/?p=1154","title":{"rendered":"Ghazouani : \u00ab nos conditions ne sont pas les plus mauvaises compar\u00e9es \u00e0 d\u2019autres pays et notre proche avenir sera prosp\u00e8re \u00bb"},"content":{"rendered":"<p>Le pr\u00e9sident mauritanien Mohamed O. Cheikh El Ghazouani a d\u00e9clar\u00e9 jeudi que les conditions de la Mauritanie, compar\u00e9es aux autres pays, ne sont pas des plus mauvaises, ajoutant qu\u2019elle a pu faire face aux r\u00e9centes crises.<\/p>\n<p>Le pr\u00e9sident mauritanien qui s\u2019exprimait \u00e0 l\u2019occasion du lancement de la campagne agricole 2022-2023 depuis la zone de LEGRAYER, dans l\u2019est du pays, que \u00ab\u00a0l\u2019avenir proche de la Mauritanie sera prosp\u00e8re ce qui exige de rejeter la paresse et s\u2019adonner au travail et l\u2019exploitation des ressources naturelles du pays.<\/p>\n<p>Le pr\u00e9sident mauritanien a encore dit que l\u2019autosuffisance alimentaire n\u2019est plus un choix strat\u00e9gique mais plut\u00f4t une n\u00e9cessit\u00e9 et une question de souverainet\u00e9 et de s\u00e9curit\u00e9 capable de faire face aux diff\u00e9rentes crises.<\/p>\n<p>Ould El Ghazouani a appel\u00e9 \u00e0 la n\u00e9cessit\u00e9 de s\u2019orienter vers l\u2019agriculture pluviale qui constitue un pilier de la s\u00e9curit\u00e9 alimentaire de la Mauritanie, un secteur qui a beaucoup souffert ces derni\u00e8res ann\u00e9es.<\/p>\n<p>Il a r\u00e9affirm\u00e9 sa d\u00e9termination pour que cette activit\u00e9 renoue avec son r\u00f4le traditionnel celui d\u2019offrir des ressources aux populations dans leurs terroirs.<\/p>\n<p>Le pr\u00e9sident a demand\u00e9 que toutes les zones arables soient exploit\u00e9es appelant \u00e0 r\u00e9soudre les conflits fonciers qui emp\u00eachent le pays de les exploiter.<\/p>\n<p>Pour le pr\u00e9sident mauritanien la r\u00e9alisation de l\u2019autosuffisance alimentaire est tributaire de la capacit\u00e9 de d\u00e9velopper les deux composantes de l\u2019agriculture\u00a0: l\u2019agriculture irrigu\u00e9e et l\u2019agriculture pluviale.<\/p>\n<p>Il a pr\u00e9cis\u00e9 que le gouvernement d\u00e9ploie des efforts importants pour attirer les investissements, fournir les \u00e9quipements et les intrants n\u00e9cessaires, d\u00e9senclaver les zones agricoles et les \u00e9lectrifier.<\/p>\n<p>saharam\u00e9dias<\/p>\n","protected":false},"excerpt":{"rendered":"<p>Le pr\u00e9sident mauritanien Mohamed O. Cheikh El Ghazouani a d\u00e9clar\u00e9 jeudi que les conditions de la Mauritanie, compar\u00e9es aux autres pays, ne sont pas des plus mauvaises, ajoutant qu\u2019elle a pu faire face aux r\u00e9centes crises. Le pr\u00e9sident mauritanien qui s\u2019exprimait \u00e0 l\u2019occasion du lancement de la campagne agricole 2022-2023 depuis la zone de LEGRAYER, &hellip;<\/p>\n","protected":false},"author":2,"featured_media":1155,"comment_status":"open","ping_status":"open","sticky":false,"template":"","format":"standard","meta":{"footnotes":""},"categories":[18],"tags":[],"class_list":["post-1154","post","type-post","status-publish","format-standard","has-post-thumbnail","hentry","category-actualites"],"_links":{"self":[{"href":"https:\/\/ladepeche.mr\/index.php?rest_route=\/wp\/v2\/posts\/1154","targetHints":{"allow":["GET"]}}],"collection":[{"href":"https:\/\/ladepeche.mr\/index.php?rest_route=\/wp\/v2\/posts"}],"about":[{"href":"https:\/\/ladepeche.mr\/index.php?rest_route=\/wp\/v2\/types\/post"}],"author":[{"embeddable":true,"href":"https:\/\/ladepeche.mr\/index.php?rest_route=\/wp\/v2\/users\/2"}],"replies":[{"embeddable":true,"href":"https:\/\/ladepeche.mr\/index.php?rest_route=%2Fwp%2Fv2%2Fcomments&post=1154"}],"version-history":[{"count":1,"href":"https:\/\/ladepeche.mr\/index.php?rest_route=\/wp\/v2\/posts\/1154\/revisions"}],"predecessor-version":[{"id":1156,"href":"https:\/\/ladepeche.mr\/index.php?rest_route=\/wp\/v2\/posts\/1154\/revisions\/1156"}],"wp:featuredmedia":[{"embeddable":true,"href":"https:\/\/ladepeche.mr\/index.php?rest_route=\/wp\/v2\/media\/1155"}],"wp:attachment":[{"href":"https:\/\/ladepeche.mr\/index.php?rest_route=%2Fwp%2Fv2%2Fmedia&parent=1154"}],"wp:term":[{"taxonomy":"category","embeddable":true,"href":"https:\/\/ladepeche.mr\/index.php?rest_route=%2Fwp%2Fv2%2Fcategories&post=1154"},{"taxonomy":"post_tag","embeddable":true,"href":"https:\/\/ladepeche.mr\/index.php?rest_route=%2Fwp%2Fv2%2Ftags&post=1154"}],"curies":[{"name":"wp","href":"https:\/\/api.w.org\/{rel}","templated":true}]}}