{"id":11540,"date":"2024-09-24T23:00:32","date_gmt":"2024-09-24T23:00:32","guid":{"rendered":"https:\/\/ladepeche.mr\/?p=11540"},"modified":"2024-09-24T21:30:42","modified_gmt":"2024-09-24T21:30:42","slug":"le-president-de-la-republique-sentretient-avec-le-president-du-groupe-de-la-bad","status":"publish","type":"post","link":"https:\/\/ladepeche.mr\/?p=11540","title":{"rendered":"Le pr\u00e9sident de la R\u00e9publique s\u2019entretient avec le pr\u00e9sident du Groupe de la BAD"},"content":{"rendered":"<p>Le pr\u00e9sident de la R\u00e9publique, Pr\u00e9sident en exercice de l\u2019Union Africaine, Son Excellence Monsieur Mohamed Ould Cheikh Ghazouani, s\u2019est entretenu hier, lundi \u00e0 New York, avec le pr\u00e9sident du groupe de la banque africaine de d\u00e9veloppement (BAD), M. Akinwumi Adesina, en marge de la 79\u00e8me session ordinaire de l\u2019Assembl\u00e9e g\u00e9n\u00e9rale des Nations Unies.<\/p>\n<p>Au cours de la rencontre, le Pr\u00e9sident de la R\u00e9publique a salu\u00e9 l\u2019engagement et le travail important du pr\u00e9sident de la BAD pour la mobilisation vigoureuse des ressources en faveur de l\u2019Afrique. Il s\u2019est f\u00e9licit\u00e9 de l\u2019initiative prise par la BAD et la Banque Mondiale visant \u00e0 \u00e9lectrifier l\u2019Afrique, dans le cadre de laquelle, 300 millions d\u2019Africains auront acc\u00e8s \u00e0 l\u2019\u00e9lectricit\u00e9 d\u2019ici 2030.<\/p>\n<p>Son Excellence Monsieur Mohamed Ould Cheikh Ghazouani s\u2019est \u00e9galement f\u00e9licit\u00e9 de la mise en \u0153uvre effective du financement important de la ligne \u00e0 haute tension entre la Mauritanie et le Mali, rappelant, dans ce cadre, l\u2019appartenance de la Mauritanie \u00e0 la r\u00e9gion du Sahel, r\u00e9gion caract\u00e9ris\u00e9e par l\u2019afflux des r\u00e9fugi\u00e9s, ainsi que par persistance de divers d\u00e9fis li\u00e9s au changement climatique.<\/p>\n<p>La rencontre s\u2019est d\u00e9roul\u00e9e en pr\u00e9sence du ministre charg\u00e9 de cabinet du la Pr\u00e9sidence de la R\u00e9publique, M. Nani Ould Chrougha, du ministre de l\u2019Economie et des Finances, M. Sid\u2019Ahmed Ould Bouh et de celui du P\u00e9trole et de l\u2019Energie, M. Mohamed Ould Mohamed Malainine Ould Khaled.<\/p>\n<p>Ami<\/p>\n","protected":false},"excerpt":{"rendered":"<p>Le pr\u00e9sident de la R\u00e9publique, Pr\u00e9sident en exercice de l\u2019Union Africaine, Son Excellence Monsieur Mohamed Ould Cheikh Ghazouani, s\u2019est entretenu hier, lundi \u00e0 New York, avec le pr\u00e9sident du groupe de la banque africaine de d\u00e9veloppement (BAD), M. Akinwumi Adesina, en marge de la 79\u00e8me session ordinaire de l\u2019Assembl\u00e9e g\u00e9n\u00e9rale des Nations Unies. Au cours &hellip;<\/p>\n","protected":false},"author":2,"featured_media":11541,"comment_status":"open","ping_status":"open","sticky":false,"template":"","format":"standard","meta":{"footnotes":""},"categories":[18,2],"tags":[],"class_list":["post-11540","post","type-post","status-publish","format-standard","has-post-thumbnail","hentry","category-actualites","category-economie"],"_links":{"self":[{"href":"https:\/\/ladepeche.mr\/index.php?rest_route=\/wp\/v2\/posts\/11540","targetHints":{"allow":["GET"]}}],"collection":[{"href":"https:\/\/ladepeche.mr\/index.php?rest_route=\/wp\/v2\/posts"}],"about":[{"href":"https:\/\/ladepeche.mr\/index.php?rest_route=\/wp\/v2\/types\/post"}],"author":[{"embeddable":true,"href":"https:\/\/ladepeche.mr\/index.php?rest_route=\/wp\/v2\/users\/2"}],"replies":[{"embeddable":true,"href":"https:\/\/ladepeche.mr\/index.php?rest_route=%2Fwp%2Fv2%2Fcomments&post=11540"}],"version-history":[{"count":1,"href":"https:\/\/ladepeche.mr\/index.php?rest_route=\/wp\/v2\/posts\/11540\/revisions"}],"predecessor-version":[{"id":11542,"href":"https:\/\/ladepeche.mr\/index.php?rest_route=\/wp\/v2\/posts\/11540\/revisions\/11542"}],"wp:featuredmedia":[{"embeddable":true,"href":"https:\/\/ladepeche.mr\/index.php?rest_route=\/wp\/v2\/media\/11541"}],"wp:attachment":[{"href":"https:\/\/ladepeche.mr\/index.php?rest_route=%2Fwp%2Fv2%2Fmedia&parent=11540"}],"wp:term":[{"taxonomy":"category","embeddable":true,"href":"https:\/\/ladepeche.mr\/index.php?rest_route=%2Fwp%2Fv2%2Fcategories&post=11540"},{"taxonomy":"post_tag","embeddable":true,"href":"https:\/\/ladepeche.mr\/index.php?rest_route=%2Fwp%2Fv2%2Ftags&post=11540"}],"curies":[{"name":"wp","href":"https:\/\/api.w.org\/{rel}","templated":true}]}}