{"id":11543,"date":"2024-09-24T22:00:49","date_gmt":"2024-09-24T22:00:49","guid":{"rendered":"https:\/\/ladepeche.mr\/?p=11543"},"modified":"2024-09-24T22:22:02","modified_gmt":"2024-09-24T22:22:02","slug":"sidahmed-ould-bouh-ministre-de-leconomie-et-des-finances-la-mauritanie-supporte-un-lourd-fardeau-financier-dans-sa-prise-en-charge-les-refugies","status":"publish","type":"post","link":"https:\/\/ladepeche.mr\/?p=11543","title":{"rendered":"Sid\u2019Ahmed Ould Bouh, ministre de l\u2019\u00e9conomie et des finances : \u00ab La Mauritanie supporte un lourd fardeau financier dans sa prise en charge des r\u00e9fugi\u00e9s\u00bb"},"content":{"rendered":"<p>Le Ministre de l&#8217;Economie et des Finances, Sid Ahmed Ould Abouh, a r\u00e9v\u00e9l\u00e9 que notre pays a support\u00e9 et continue de supporter d&#8217;importantes pressions financi\u00e8res pour prendre en charge les r\u00e9fugi\u00e9s, plus de deux cents milles, jet\u00e9s sur la route de l\u2019exil et qui ont trouv\u00e9 refuge dans le Hodh Charghi, en Mauritanie.<\/p>\n<p>L\u2019annonce a \u00e9t\u00e9 faite par le ministre mauritanien \u00e0 l\u2019occasion d\u2019\u00e9changes lors d\u2019une rencontre de Haut Niveau sur le la gestion durable des crises des r\u00e9fugi\u00e9s et les d\u00e9placements des populations. Le responsable mauritanien participait aux c\u00f4t\u00e9s de la Ministre des Affaires \u00e9trang\u00e8res de l&#8217;Allemagne, et du Haut-Commissaire des Nations Unies pour les r\u00e9fugi\u00e9s \u00e0 la direction des d\u00e9bats.<\/p>\n<p>Le choix de la Mauritanie et de l\u2019Allemagne pour diriger les d\u00e9bats, aux c\u00f4t\u00e9s du HCR, n\u2019est pas fortuit. Les deux pays s\u2019investissent \u00e9norm\u00e9ment dans la prise en charge et l&#8217;assistance aux r\u00e9fugi\u00e9s au cours des derni\u00e8res ann\u00e9es.<\/p>\n<p>Le ministre mauritanien a estim\u00e9, pour l\u2019occasion, \u00a0que les autorit\u00e9s mauritaniennes n\u2019ont rien m\u00e9nag\u00e9 pour apporter un r\u00e9confort aux r\u00e9fugi\u00e9s, mais qu\u2019elles fondaient aussi beaucoup d\u2019espoir de voir la communaut\u00e9 internationale assumer davantage ses responsabilit\u00e9s vis-\u00e0-vis des r\u00e9fugi\u00e9s et pour apaiser la pression sur les ressources publiques nationales du fait de la pr\u00e9sence de milliers de r\u00e9fugi\u00e9s, arriv\u00e9s dans des conditions al\u00e9atoires.<\/p>\n<p>Ould Bouh a, n\u00e9anmoins, remerci\u00e9 le Haut-Commissariat des Nations Unies pour les r\u00e9fugi\u00e9s et les agences sp\u00e9cialis\u00e9es des Nations Unies pour leur soutien et leur assistance \u00e0 son pays afin de faire face\u00a0 \u00e0 cette pression sans pr\u00e9c\u00e9dent.<\/p>\n","protected":false},"excerpt":{"rendered":"<p>Le Ministre de l&#8217;Economie et des Finances, Sid Ahmed Ould Abouh, a r\u00e9v\u00e9l\u00e9 que notre pays a support\u00e9 et continue de supporter d&#8217;importantes pressions financi\u00e8res pour prendre en charge les r\u00e9fugi\u00e9s, plus de deux cents milles, jet\u00e9s sur la route de l\u2019exil et qui ont trouv\u00e9 refuge dans le Hodh Charghi, en Mauritanie. L\u2019annonce a &hellip;<\/p>\n","protected":false},"author":2,"featured_media":11544,"comment_status":"open","ping_status":"open","sticky":false,"template":"","format":"standard","meta":{"footnotes":""},"categories":[18,29],"tags":[],"class_list":["post-11543","post","type-post","status-publish","format-standard","has-post-thumbnail","hentry","category-actualites","category-monde"],"_links":{"self":[{"href":"https:\/\/ladepeche.mr\/index.php?rest_route=\/wp\/v2\/posts\/11543","targetHints":{"allow":["GET"]}}],"collection":[{"href":"https:\/\/ladepeche.mr\/index.php?rest_route=\/wp\/v2\/posts"}],"about":[{"href":"https:\/\/ladepeche.mr\/index.php?rest_route=\/wp\/v2\/types\/post"}],"author":[{"embeddable":true,"href":"https:\/\/ladepeche.mr\/index.php?rest_route=\/wp\/v2\/users\/2"}],"replies":[{"embeddable":true,"href":"https:\/\/ladepeche.mr\/index.php?rest_route=%2Fwp%2Fv2%2Fcomments&post=11543"}],"version-history":[{"count":2,"href":"https:\/\/ladepeche.mr\/index.php?rest_route=\/wp\/v2\/posts\/11543\/revisions"}],"predecessor-version":[{"id":11546,"href":"https:\/\/ladepeche.mr\/index.php?rest_route=\/wp\/v2\/posts\/11543\/revisions\/11546"}],"wp:featuredmedia":[{"embeddable":true,"href":"https:\/\/ladepeche.mr\/index.php?rest_route=\/wp\/v2\/media\/11544"}],"wp:attachment":[{"href":"https:\/\/ladepeche.mr\/index.php?rest_route=%2Fwp%2Fv2%2Fmedia&parent=11543"}],"wp:term":[{"taxonomy":"category","embeddable":true,"href":"https:\/\/ladepeche.mr\/index.php?rest_route=%2Fwp%2Fv2%2Fcategories&post=11543"},{"taxonomy":"post_tag","embeddable":true,"href":"https:\/\/ladepeche.mr\/index.php?rest_route=%2Fwp%2Fv2%2Ftags&post=11543"}],"curies":[{"name":"wp","href":"https:\/\/api.w.org\/{rel}","templated":true}]}}