{"id":11553,"date":"2024-09-25T12:25:34","date_gmt":"2024-09-25T12:25:34","guid":{"rendered":"https:\/\/ladepeche.mr\/?p=11553"},"modified":"2024-09-30T21:38:11","modified_gmt":"2024-09-30T21:38:11","slug":"peche-fermeture-de-la-peche-cephalopodiere-et-hauturiere-de-fond-a-partir-du-1er-octobre-2024","status":"publish","type":"post","link":"https:\/\/ladepeche.mr\/?p=11553","title":{"rendered":"P\u00eache\u00a0: Fermeture de la p\u00eache c\u00e9phalopodi\u00e8re et hauturi\u00e8re de fond \u00e0 partir du 1er octobre 2024"},"content":{"rendered":"<p>Le minist\u00e8re des p\u00eaches, des infrastructures maritimes et portuaires a officiellement annonc\u00e9, mercredi 25 septembre 2024, la fermeture sur l\u2019ensemble des eaux maritimes sous juridiction mauritanienne de la p\u00eache c\u00e9phalopodi\u00e8re et hauturi\u00e8re de fond \u00e0 partir du 1<sup>er<\/sup> octobre 2024.<\/p>\n<p>L\u2019arr\u00eat\u00e9 minist\u00e9riel qui annonce la fermeture fait cependant exception pour la p\u00eache hauturi\u00e8re de fonds des crustac\u00e9s, sauf la langouste verte et le crabe (cat\u00e9gorie1), le merlu noir (cat\u00e9gorie2) et la p\u00eache aux crabes par casiers (cat\u00e9gorie).<\/p>\n<p>Le d\u00e9cret ne fixe, par ailleurs, pas de limite dans le temps pour cette fermeture pr\u00e9cisant n\u00e9anmoins que des mesures correctives ou additionnelles concernant la dur\u00e9e et peut-\u00eatre aussi les esp\u00e8ces seront repr\u00e9cis\u00e9es par arr\u00eat\u00e9 annon\u00e7ant le second arr\u00eat biologique pr\u00e9vu.<\/p>\n<p>A noter que le minist\u00e8re avait d\u00e9cid\u00e9 depuis le 20semptembre 2024 de l\u2019ouverture de la zone de p\u00eache au poulpe.<\/p>\n<p>Une lev\u00e9e d\u2019interdiction temporaire de gestion de cette p\u00eacherie que le d\u00e9partement avait prise, le 20 ao\u00fbt dernier, sur avis de l\u2019institut mauritanien des recherches oc\u00e9anographiques et des p\u00eaches.<\/p>\n<p>A noter que l\u2019exploitation des ressources halieutiques en Mauritanie sont exploit\u00e9es suivant un syst\u00e8me de quota pour pr\u00e9server la biomasse dans cette p\u00eacherie via le seuil d\u2019un Total Admissible de Captures (<strong><em>TAC<\/em><\/strong>). Les stocks de poulpe sont estim\u00e9s dans une fourchette oscillant entre 35 et 40.000 tonnes. Les ressources sont exploit\u00e9es par trois segments (industriel, c\u00f4tier et artisanal) et ont une forte valeur marchande.<\/p>\n<p>La p\u00eache maritime est l\u2019un des secteurs les plus productifs en Mauritanie avec 25% des exportations totales du pays et plus de 220.000 emplois directs et indirects.<\/p>\n<p>La Mauritanie reste aussi l\u2019un des rares pays \u00e0 avoir acc\u00e9d\u00e9 \u00e0 Fiti, une organisation internationale pour la transparence dans le secteur de la p\u00eache, rappelle-t-on.<\/p>\n","protected":false},"excerpt":{"rendered":"<p>Le minist\u00e8re des p\u00eaches, des infrastructures maritimes et portuaires a officiellement annonc\u00e9, mercredi 25 septembre 2024, la fermeture sur l\u2019ensemble des eaux maritimes sous juridiction mauritanienne de la p\u00eache c\u00e9phalopodi\u00e8re et hauturi\u00e8re de fond \u00e0 partir du 1er octobre 2024. L\u2019arr\u00eat\u00e9 minist\u00e9riel qui annonce la fermeture fait cependant exception pour la p\u00eache hauturi\u00e8re de fonds &hellip;<\/p>\n","protected":false},"author":2,"featured_media":11554,"comment_status":"open","ping_status":"open","sticky":false,"template":"","format":"standard","meta":{"footnotes":""},"categories":[18,2],"tags":[],"class_list":["post-11553","post","type-post","status-publish","format-standard","has-post-thumbnail","hentry","category-actualites","category-economie"],"_links":{"self":[{"href":"https:\/\/ladepeche.mr\/index.php?rest_route=\/wp\/v2\/posts\/11553","targetHints":{"allow":["GET"]}}],"collection":[{"href":"https:\/\/ladepeche.mr\/index.php?rest_route=\/wp\/v2\/posts"}],"about":[{"href":"https:\/\/ladepeche.mr\/index.php?rest_route=\/wp\/v2\/types\/post"}],"author":[{"embeddable":true,"href":"https:\/\/ladepeche.mr\/index.php?rest_route=\/wp\/v2\/users\/2"}],"replies":[{"embeddable":true,"href":"https:\/\/ladepeche.mr\/index.php?rest_route=%2Fwp%2Fv2%2Fcomments&post=11553"}],"version-history":[{"count":3,"href":"https:\/\/ladepeche.mr\/index.php?rest_route=\/wp\/v2\/posts\/11553\/revisions"}],"predecessor-version":[{"id":11671,"href":"https:\/\/ladepeche.mr\/index.php?rest_route=\/wp\/v2\/posts\/11553\/revisions\/11671"}],"wp:featuredmedia":[{"embeddable":true,"href":"https:\/\/ladepeche.mr\/index.php?rest_route=\/wp\/v2\/media\/11554"}],"wp:attachment":[{"href":"https:\/\/ladepeche.mr\/index.php?rest_route=%2Fwp%2Fv2%2Fmedia&parent=11553"}],"wp:term":[{"taxonomy":"category","embeddable":true,"href":"https:\/\/ladepeche.mr\/index.php?rest_route=%2Fwp%2Fv2%2Fcategories&post=11553"},{"taxonomy":"post_tag","embeddable":true,"href":"https:\/\/ladepeche.mr\/index.php?rest_route=%2Fwp%2Fv2%2Ftags&post=11553"}],"curies":[{"name":"wp","href":"https:\/\/api.w.org\/{rel}","templated":true}]}}