{"id":11568,"date":"2024-09-26T12:03:32","date_gmt":"2024-09-26T12:03:32","guid":{"rendered":"https:\/\/ladepeche.mr\/?p=11568"},"modified":"2024-09-26T12:09:14","modified_gmt":"2024-09-26T12:09:14","slug":"environnement-cotier-et-marin-lemrabott-ould-tangi-choisi-par-ses-pairs-dafrique-de-louest-pour-presider-leur-organisation","status":"publish","type":"post","link":"https:\/\/ladepeche.mr\/?p=11568","title":{"rendered":"Environnement c\u00f4tier et marin : Lemrabott Ould Tanji choisi par ses pairs de l&#8217;APPEL pour pr\u00e9sider leur organisation"},"content":{"rendered":"<p>Le d\u00e9put\u00e9 de la moughataa de Chami, Lemrabott Ould Tangi, a \u00e9t\u00e9 choisi, \u00e0 l\u2019issue de l\u2019Assembl\u00e9e g\u00e9n\u00e9rale du r\u00e9seau de l&#8217;Alliance des Parlementaires et \u00c9lus Locaux du littoral ouest-africain (APPEL)\u00a0 pour la protection de l\u2019environnement c\u00f4tier et marin en Afrique, pour pr\u00e9sider aux destin\u00e9es de leur organisation pour les deux prochaines ann\u00e9es.<\/p>\n<p>Outre ce choix port\u00e9 sur notre compatriote, qui pr\u00e9sidait d\u00e9j\u00e0 la commission pour la protection de l\u2019environnement au sein de l\u2019Assembl\u00e9e nationale, aux commandes du R\u00e9seau panafricain, l\u2019AG du r\u00e9seau des \u00e9lus a, par ailleurs, \u00e9mis des recommandations sur la lutte contre la pollution des oc\u00e9ans, la r\u00e9flexion pour des solutions idoines contre le changement climatique, lors de la COP29.<\/p>\n<p>Le nouveau pr\u00e9sident du R\u00e9seau qui s\u2019est \u00e9largi \u00e0 12 pays membres, le d\u00e9put\u00e9 Lemrabott Ould Tanji, a promis de placer son mandat sous le signe de l\u2019action salvatrice en faveur de l\u2019environnement c\u00f4tier et marin en prenant \u00e0 bras le corps les d\u00e9cisions de redynamisation et de cons\u00e9cration du plan d\u2019action arr\u00eat\u00e9 de commun accord par tous les membres du R\u00e9seau. Il a aussi rendu un hommage appuy\u00e9 \u00e0 son pr\u00e9d\u00e9cesseur, l\u2019ancien pr\u00e9sident de l\u2019organisation, Ibrahima Baba Sall qui a, pour sa part, insist\u00e9 sur les d\u00e9fis rencontr\u00e9s.<\/p>\n<p>Des d\u00e9fis qui n\u2019ont pas \u00e9chapp\u00e9 au d\u00e9put\u00e9 Hamdi Ould Hamadi lors d\u2019un discours prononc\u00e9 au nom du pr\u00e9sident de l\u2019Assembl\u00e9e nationale arguant que les \u00c9tats membres, mus par leur souci de coop\u00e9ration et de solidarit\u00e9, seraient impatients de concr\u00e9tiser les recommandations et de les transformer en r\u00e9sultats tangibles.<\/p>\n<p>A noter enfin que les \u00e9lus africains ont \u00e9galement appel\u00e9 \u00e0 mobiliser les Etats membres afin de ratifier les conventions et chartes relatives \u00e0 la protection de l\u2019environnement c\u00f4tier et marin, et \u00e0 renforcer les capacit\u00e9s des acteurs sur le terrain afin de faire face aux changements climatiques qui affectent le monde entier aujourd\u2019hui.<\/p>\n","protected":false},"excerpt":{"rendered":"<p>Le d\u00e9put\u00e9 de la moughataa de Chami, Lemrabott Ould Tangi, a \u00e9t\u00e9 choisi, \u00e0 l\u2019issue de l\u2019Assembl\u00e9e g\u00e9n\u00e9rale du r\u00e9seau de l&#8217;Alliance des Parlementaires et \u00c9lus Locaux du littoral ouest-africain (APPEL)\u00a0 pour la protection de l\u2019environnement c\u00f4tier et marin en Afrique, pour pr\u00e9sider aux destin\u00e9es de leur organisation pour les deux prochaines ann\u00e9es. Outre ce &hellip;<\/p>\n","protected":false},"author":2,"featured_media":11569,"comment_status":"open","ping_status":"open","sticky":false,"template":"","format":"standard","meta":{"footnotes":""},"categories":[18,21],"tags":[],"class_list":["post-11568","post","type-post","status-publish","format-standard","has-post-thumbnail","hentry","category-actualites","category-fluctuations"],"_links":{"self":[{"href":"https:\/\/ladepeche.mr\/index.php?rest_route=\/wp\/v2\/posts\/11568","targetHints":{"allow":["GET"]}}],"collection":[{"href":"https:\/\/ladepeche.mr\/index.php?rest_route=\/wp\/v2\/posts"}],"about":[{"href":"https:\/\/ladepeche.mr\/index.php?rest_route=\/wp\/v2\/types\/post"}],"author":[{"embeddable":true,"href":"https:\/\/ladepeche.mr\/index.php?rest_route=\/wp\/v2\/users\/2"}],"replies":[{"embeddable":true,"href":"https:\/\/ladepeche.mr\/index.php?rest_route=%2Fwp%2Fv2%2Fcomments&post=11568"}],"version-history":[{"count":4,"href":"https:\/\/ladepeche.mr\/index.php?rest_route=\/wp\/v2\/posts\/11568\/revisions"}],"predecessor-version":[{"id":11573,"href":"https:\/\/ladepeche.mr\/index.php?rest_route=\/wp\/v2\/posts\/11568\/revisions\/11573"}],"wp:featuredmedia":[{"embeddable":true,"href":"https:\/\/ladepeche.mr\/index.php?rest_route=\/wp\/v2\/media\/11569"}],"wp:attachment":[{"href":"https:\/\/ladepeche.mr\/index.php?rest_route=%2Fwp%2Fv2%2Fmedia&parent=11568"}],"wp:term":[{"taxonomy":"category","embeddable":true,"href":"https:\/\/ladepeche.mr\/index.php?rest_route=%2Fwp%2Fv2%2Fcategories&post=11568"},{"taxonomy":"post_tag","embeddable":true,"href":"https:\/\/ladepeche.mr\/index.php?rest_route=%2Fwp%2Fv2%2Ftags&post=11568"}],"curies":[{"name":"wp","href":"https:\/\/api.w.org\/{rel}","templated":true}]}}