{"id":11574,"date":"2024-09-26T14:52:33","date_gmt":"2024-09-26T14:52:33","guid":{"rendered":"https:\/\/ladepeche.mr\/?p=11574"},"modified":"2024-09-26T17:05:11","modified_gmt":"2024-09-26T17:05:11","slug":"election-du-dg-de-lasecna-ely-ould-el-veirik-apporte-le-soutien-de-la-mauritanie-au-candidat-du-tchad","status":"publish","type":"post","link":"https:\/\/ladepeche.mr\/?p=11574","title":{"rendered":"Election du DG de l&#8217;Asecna: Ely Ould El Veirik apporte le soutien de la Mauritanie au candidat du Tchad"},"content":{"rendered":"<p>Jeudi 27 septembre, le comit\u00e9 des ministres en charge du transport d\u00e9signera un nouveau directeur g\u00e9n\u00e9ral de l\u2019Asecna, en remplacement du Nig\u00e9rien, Mohamed Moussa, DG sortant apr\u00e8s deux mandats \u00e0 la t\u00eate de l\u2019agence. Sept candidats sont dans les startingblocks dont le tchadien, soutenu par notre pays.<\/p>\n<p>C\u2019\u00e9tait donc la derni\u00e8re ligne droite avant l\u2019\u00e9lection du futur directeur g\u00e9n\u00e9ral de l&#8217;Agence pour la s\u00e9curit\u00e9 de la navigation a\u00e9rienne en Afrique et \u00e0 Madagascar (ASECAN).<\/p>\n<p>La Mauritanie a envoy\u00e9 \u00e0 cette \u00e9lection, le Ministre de l\u2019\u00c9quipement et des Transports, Ely Ould El Veirik, accompagn\u00e9 de Mohamed Ould Lehdhana, Conseiller technique en charge du transport a\u00e9rien, et M. N\u2019Gaid\u00e9 Abdouye Abbas, Directeur g\u00e9n\u00e9ral de l\u2019Agence nationale de l\u2019aviation civile (ANAC).<\/p>\n<p>La Mauritanie avait d\u00e9j\u00e0 fait son choix en mai 2024 en jetant son d\u00e9volu sur le candidat tchadien. Le candidat du Tchad au poste de la Direction g\u00e9n\u00e9rale de l\u2019ASECNA avait m\u00eame \u00e9t\u00e9 pr\u00e9sent\u00e9 au pr\u00e9sident de la R\u00e9publique, Mohamed Ould Cheikh Ghazouani qui a assur\u00e9 ses interlocuteurs tchadien de son total soutien \u00e0 leur candidat.<\/p>\n<p>Le directeur g\u00e9n\u00e9ral de l\u2019Asecna est \u00e9lu pour un mandat de quatre ans, renouvelable une fois. Il g\u00e8re l\u2019agence en ex\u00e9cutant les d\u00e9cisions du Conseil d\u2019administration et du Comit\u00e9 des ministres, avec l\u2019assistance de neuf directeurs. Jusqu\u2019ici c\u2019\u00e9tait le nig\u00e9rien Mohamed Moussa qui veillait \u00e0 cette mission depuis 2020.<\/p>\n<p>&nbsp;<\/p>\n","protected":false},"excerpt":{"rendered":"<p>Jeudi 27 septembre, le comit\u00e9 des ministres en charge du transport d\u00e9signera un nouveau directeur g\u00e9n\u00e9ral de l\u2019Asecna, en remplacement du Nig\u00e9rien, Mohamed Moussa, DG sortant apr\u00e8s deux mandats \u00e0 la t\u00eate de l\u2019agence. Sept candidats sont dans les startingblocks dont le tchadien, soutenu par notre pays. C\u2019\u00e9tait donc la derni\u00e8re ligne droite avant l\u2019\u00e9lection &hellip;<\/p>\n","protected":false},"author":2,"featured_media":11575,"comment_status":"open","ping_status":"open","sticky":false,"template":"","format":"standard","meta":{"footnotes":""},"categories":[18,2,29],"tags":[],"class_list":["post-11574","post","type-post","status-publish","format-standard","has-post-thumbnail","hentry","category-actualites","category-economie","category-monde"],"_links":{"self":[{"href":"https:\/\/ladepeche.mr\/index.php?rest_route=\/wp\/v2\/posts\/11574","targetHints":{"allow":["GET"]}}],"collection":[{"href":"https:\/\/ladepeche.mr\/index.php?rest_route=\/wp\/v2\/posts"}],"about":[{"href":"https:\/\/ladepeche.mr\/index.php?rest_route=\/wp\/v2\/types\/post"}],"author":[{"embeddable":true,"href":"https:\/\/ladepeche.mr\/index.php?rest_route=\/wp\/v2\/users\/2"}],"replies":[{"embeddable":true,"href":"https:\/\/ladepeche.mr\/index.php?rest_route=%2Fwp%2Fv2%2Fcomments&post=11574"}],"version-history":[{"count":2,"href":"https:\/\/ladepeche.mr\/index.php?rest_route=\/wp\/v2\/posts\/11574\/revisions"}],"predecessor-version":[{"id":11582,"href":"https:\/\/ladepeche.mr\/index.php?rest_route=\/wp\/v2\/posts\/11574\/revisions\/11582"}],"wp:featuredmedia":[{"embeddable":true,"href":"https:\/\/ladepeche.mr\/index.php?rest_route=\/wp\/v2\/media\/11575"}],"wp:attachment":[{"href":"https:\/\/ladepeche.mr\/index.php?rest_route=%2Fwp%2Fv2%2Fmedia&parent=11574"}],"wp:term":[{"taxonomy":"category","embeddable":true,"href":"https:\/\/ladepeche.mr\/index.php?rest_route=%2Fwp%2Fv2%2Fcategories&post=11574"},{"taxonomy":"post_tag","embeddable":true,"href":"https:\/\/ladepeche.mr\/index.php?rest_route=%2Fwp%2Fv2%2Ftags&post=11574"}],"curies":[{"name":"wp","href":"https:\/\/api.w.org\/{rel}","templated":true}]}}