{"id":11578,"date":"2024-09-26T16:13:34","date_gmt":"2024-09-26T16:13:34","guid":{"rendered":"https:\/\/ladepeche.mr\/?p=11578"},"modified":"2024-09-26T16:14:32","modified_gmt":"2024-09-26T16:14:32","slug":"quest-ce-que-lildj-cette-ecole-creee-pour-devenir-le-vivier-des-medias-dextreme-droite","status":"publish","type":"post","link":"https:\/\/ladepeche.mr\/?p=11578","title":{"rendered":"Qu&#8217;est-ce que l&#8217;ILDJ, cette \u00e9cole cr\u00e9\u00e9e pour devenir le vivier des m\u00e9dias d&#8217;extr\u00eame droite ? (France)"},"content":{"rendered":"<p>Le quotidien\u00a0<em>Le Monde<\/em>\u00a0d\u00e9voile dans une enqu\u00eate portant sur l\u2019\u00e9cole libre de journalisme (ILDJ), p\u00e9pini\u00e8re des futures recrues des m\u00e9dias conservateurs et d\u2019extr\u00eame droite.<\/p>\n<p>Au c\u0153ur de Paris, dans le XVI<sup>e<\/sup>\u00a0arrondissement de la capitale, l\u2019Institut libre de journalisme (ILDJ) forme des \u00e9tudiants au service de l\u2019extr\u00eame droite. Dans une<a href=\"https:\/\/www.lemonde.fr\/societe\/video\/2024\/09\/26\/enquete-sur-l-ecole-creee-par-la-droite-reactionnaire-pour-conquerir-les-medias_6334270_3224.html?lmd_medium=al&amp;lmd_campaign=envoye-par-appli&amp;lmd_creation=android&amp;lmd_source=default\" target=\"_blank\" rel=\"noopener\">\u00a0enqu\u00eate vid\u00e9o, des journalistes du\u00a0<\/a><em><a href=\"https:\/\/www.lemonde.fr\/societe\/video\/2024\/09\/26\/enquete-sur-l-ecole-creee-par-la-droite-reactionnaire-pour-conquerir-les-medias_6334270_3224.html?lmd_medium=al&amp;lmd_campaign=envoye-par-appli&amp;lmd_creation=android&amp;lmd_source=default\" target=\"_blank\" rel=\"noopener\">Monde<\/a>\u00a0<\/em>ont analys\u00e9 le profil de ses \u00e9tudiants et retrac\u00e9 les liens de l\u2019\u00e9cole avec plusieurs groupes politiques et m\u00e9diatiques fran\u00e7ais. Le constat est sans appel\u00a0:\u00a0<em>\u00ab\u00a0Bien plus qu\u2019une simple \u00e9cole, il s\u2019agit d\u2019un r\u00e9seau au service de la conqu\u00eate m\u00e9diatique par la droite de la droite.\u00a0\u00bb<\/em><\/p>\n<p>L\u2019\u00e9cole propose une formation sur dix week-ends pendant un an, factur\u00e9e 1\u00a0250\u00a0euros. Si les cours portent essentiellement sur les aspects techniques, ils sont compl\u00e9t\u00e9s par des conf\u00e9rences,\u00a0<em>\u00ab\u00a0elles, tr\u00e8s politiques\u00a0\u00bb.<\/em>\u00a0Selon le d\u00e9compte de la cellule investigation du\u00a0<em>Monde<\/em>, plus de 80\u00a0% des intervenants assument un discours de droite (32,4\u00a0%) et d\u2019extr\u00eame droite (51,4\u00a0%).<\/p>\n<p>Pour le d\u00e9montrer, le quotidien fournit des extraits vid\u00e9os de conf\u00e9rences, donn\u00e9es \u00e0 l\u2019ILDJ par \u00c9lisabeth L\u00e9vy, la directrice de la r\u00e9daction du magazine r\u00e9actionnaire<em>\u00a0Causeur,\u00a0<\/em>ou encore par Mathieu Bock-C\u00f4t\u00e9, \u00e9ditorialiste au\u00a0<em>Figaro\u00a0<\/em>et \u00e0 CNews.<\/p>\n<h2 class=\"wp-block-heading\">Embauch\u00e9s dans les m\u00e9dias Bollor\u00e9<\/h2>\n<p>Sur les 168 \u00e9tudiants revendiqu\u00e9s par l\u2019\u00e9cole depuis 2018,\u00a0<em>le Monde<\/em>\u00a0en a retrouv\u00e9 123. Apr\u00e8s une enqu\u00eate fouill\u00e9e sur les r\u00e9seaux sociaux, les journalistes ont \u00e9tabli leurs engagements politiques et religieux. Parmi eux figurent d\u2019anciens candidats sur des listes de partis d\u2019extr\u00eame droite, du Rassemblement national \u00e0 Reconqu\u00eate\u00a0!, mais\u00a0<a href=\"https:\/\/www.humanite.fr\/politique\/extreme-droite\/legislatives-2024-homophobie-racisme-sexisme-lextreme-droite-multiplie-les-violences-depuis-la-dissolution\" target=\"_blank\" rel=\"noopener\">aussi des membres de groupes n\u00e9onazis<\/a>.<\/p>\n<p>Photos \u00e0 l\u2019appui, leur pr\u00e9sence est av\u00e9r\u00e9e dans des manifestations contre l\u2019IVG ou des formations au combat organis\u00e9es par l\u2019Action fran\u00e7aise. \u00c0 partir de ce large \u00e9chantillon,\u00a0<em>le Monde<\/em>\u00a0affirme que 30\u00a0% des \u00e9tudiants de l\u2019ILDJ militent activement pour des causes conservatrices.<\/p>\n<p>Le partenariat entre l\u2019ILDJ est les m\u00e9dias d\u2019extr\u00eame droite sont \u00e9tablis. 45 % de ses \u00e9tudiants sont recrut\u00e9s par des groupes affili\u00e9s \u00e0 l\u2019extr\u00eame droite, comme Vivendi (propri\u00e9t\u00e9 de Vincent Bollor\u00e9) ou les organismes financ\u00e9s par Pierre-\u00c9douard St\u00e9rin (l\u2019association Rasso, le studio M\u00e9dia du fond Bien commun, le m\u00e9dia en ligne Neo). https:\/\/www.humanite.fr\/medias\/extreme-droite\/quest-ce-que-lildj-cette-ecole-creee-pour-devenir-le-vivier-des-medias-dextreme-droite?utm_source=onesignal&amp;utm_medium=push&amp;utm_campaign=2024-09-26-<\/p>\n","protected":false},"excerpt":{"rendered":"<p>Le quotidien\u00a0Le Monde\u00a0d\u00e9voile dans une enqu\u00eate portant sur l\u2019\u00e9cole libre de journalisme (ILDJ), p\u00e9pini\u00e8re des futures recrues des m\u00e9dias conservateurs et d\u2019extr\u00eame droite. Au c\u0153ur de Paris, dans le XVIe\u00a0arrondissement de la capitale, l\u2019Institut libre de journalisme (ILDJ) forme des \u00e9tudiants au service de l\u2019extr\u00eame droite. Dans une\u00a0enqu\u00eate vid\u00e9o, des journalistes du\u00a0Monde\u00a0ont analys\u00e9 le profil &hellip;<\/p>\n","protected":false},"author":2,"featured_media":11579,"comment_status":"open","ping_status":"open","sticky":false,"template":"","format":"standard","meta":{"footnotes":""},"categories":[18,29],"tags":[],"class_list":["post-11578","post","type-post","status-publish","format-standard","has-post-thumbnail","hentry","category-actualites","category-monde"],"_links":{"self":[{"href":"https:\/\/ladepeche.mr\/index.php?rest_route=\/wp\/v2\/posts\/11578","targetHints":{"allow":["GET"]}}],"collection":[{"href":"https:\/\/ladepeche.mr\/index.php?rest_route=\/wp\/v2\/posts"}],"about":[{"href":"https:\/\/ladepeche.mr\/index.php?rest_route=\/wp\/v2\/types\/post"}],"author":[{"embeddable":true,"href":"https:\/\/ladepeche.mr\/index.php?rest_route=\/wp\/v2\/users\/2"}],"replies":[{"embeddable":true,"href":"https:\/\/ladepeche.mr\/index.php?rest_route=%2Fwp%2Fv2%2Fcomments&post=11578"}],"version-history":[{"count":2,"href":"https:\/\/ladepeche.mr\/index.php?rest_route=\/wp\/v2\/posts\/11578\/revisions"}],"predecessor-version":[{"id":11581,"href":"https:\/\/ladepeche.mr\/index.php?rest_route=\/wp\/v2\/posts\/11578\/revisions\/11581"}],"wp:featuredmedia":[{"embeddable":true,"href":"https:\/\/ladepeche.mr\/index.php?rest_route=\/wp\/v2\/media\/11579"}],"wp:attachment":[{"href":"https:\/\/ladepeche.mr\/index.php?rest_route=%2Fwp%2Fv2%2Fmedia&parent=11578"}],"wp:term":[{"taxonomy":"category","embeddable":true,"href":"https:\/\/ladepeche.mr\/index.php?rest_route=%2Fwp%2Fv2%2Fcategories&post=11578"},{"taxonomy":"post_tag","embeddable":true,"href":"https:\/\/ladepeche.mr\/index.php?rest_route=%2Fwp%2Fv2%2Ftags&post=11578"}],"curies":[{"name":"wp","href":"https:\/\/api.w.org\/{rel}","templated":true}]}}