{"id":11584,"date":"2024-09-27T10:43:39","date_gmt":"2024-09-27T10:43:39","guid":{"rendered":"https:\/\/ladepeche.mr\/?p=11584"},"modified":"2024-09-27T10:52:33","modified_gmt":"2024-09-27T10:52:33","slug":"forum-de-haut-niveau-sur-le-pastoralisme-abdoulaye-mahamadou-recu-a-nouakchott","status":"publish","type":"post","link":"https:\/\/ladepeche.mr\/?p=11584","title":{"rendered":"Forum de haut niveau sur le pastoralisme\u00a0(Cilss): Abdoulaye Mahamadou re\u00e7u \u00e0 Nouakchott"},"content":{"rendered":"<p>Le secr\u00e9taire ex\u00e9cutif du Comit\u00e9 permanent inter-\u00e9tats de lutte contre la s\u00e9cheresse au Sahel (CILSS), Abdoulaye Mahamadou, a \u00e9t\u00e9 re\u00e7u jeudi \u00e0 Nouakchott, par le ministre de l\u2019\u00c9levage, ministre de l\u2019Agriculture et de la souverainet\u00e9 alimentaire par int\u00e9rim, Mokhtar Gaguih.<\/p>\n<p>Au centre de cette rencontre des \u00e9changes sur la pr\u00e9paration de l\u2019organisation du Forum de haut niveau sur le pastoralisme et les parcours (Nouakchott+10), pr\u00e9vu du 06 au 08 novembre 2024 en Mauritanie.<\/p>\n<p>Les deux parties ont notamment fait l\u2019\u00e9valuation de l\u2019\u00e9tat d\u2019avancement de la rencontre et des projets r\u00e9gionaux de coop\u00e9ration comme le PRASP qui cible les populations dont les moyens de subsistance d\u00e9pendent principalement des activit\u00e9s pastorales pour la r\u00e9duction de la pauvret\u00e9 et l\u2019am\u00e9lioration de la s\u00e9curit\u00e9 alimentaire.<\/p>\n<p>Le projet concerne plusieurs pays\u00a0: Mauritanie, Niger, S\u00e9n\u00e9gal, Burkina Faso, Mali, Niger et Tchad.<\/p>\n","protected":false},"excerpt":{"rendered":"<p>Le secr\u00e9taire ex\u00e9cutif du Comit\u00e9 permanent inter-\u00e9tats de lutte contre la s\u00e9cheresse au Sahel (CILSS), Abdoulaye Mahamadou, a \u00e9t\u00e9 re\u00e7u jeudi \u00e0 Nouakchott, par le ministre de l\u2019\u00c9levage, ministre de l\u2019Agriculture et de la souverainet\u00e9 alimentaire par int\u00e9rim, Mokhtar Gaguih. Au centre de cette rencontre des \u00e9changes sur la pr\u00e9paration de l\u2019organisation du Forum de &hellip;<\/p>\n","protected":false},"author":2,"featured_media":11585,"comment_status":"open","ping_status":"open","sticky":false,"template":"","format":"standard","meta":{"footnotes":""},"categories":[18,2],"tags":[],"class_list":["post-11584","post","type-post","status-publish","format-standard","has-post-thumbnail","hentry","category-actualites","category-economie"],"_links":{"self":[{"href":"https:\/\/ladepeche.mr\/index.php?rest_route=\/wp\/v2\/posts\/11584","targetHints":{"allow":["GET"]}}],"collection":[{"href":"https:\/\/ladepeche.mr\/index.php?rest_route=\/wp\/v2\/posts"}],"about":[{"href":"https:\/\/ladepeche.mr\/index.php?rest_route=\/wp\/v2\/types\/post"}],"author":[{"embeddable":true,"href":"https:\/\/ladepeche.mr\/index.php?rest_route=\/wp\/v2\/users\/2"}],"replies":[{"embeddable":true,"href":"https:\/\/ladepeche.mr\/index.php?rest_route=%2Fwp%2Fv2%2Fcomments&post=11584"}],"version-history":[{"count":2,"href":"https:\/\/ladepeche.mr\/index.php?rest_route=\/wp\/v2\/posts\/11584\/revisions"}],"predecessor-version":[{"id":11590,"href":"https:\/\/ladepeche.mr\/index.php?rest_route=\/wp\/v2\/posts\/11584\/revisions\/11590"}],"wp:featuredmedia":[{"embeddable":true,"href":"https:\/\/ladepeche.mr\/index.php?rest_route=\/wp\/v2\/media\/11585"}],"wp:attachment":[{"href":"https:\/\/ladepeche.mr\/index.php?rest_route=%2Fwp%2Fv2%2Fmedia&parent=11584"}],"wp:term":[{"taxonomy":"category","embeddable":true,"href":"https:\/\/ladepeche.mr\/index.php?rest_route=%2Fwp%2Fv2%2Fcategories&post=11584"},{"taxonomy":"post_tag","embeddable":true,"href":"https:\/\/ladepeche.mr\/index.php?rest_route=%2Fwp%2Fv2%2Ftags&post=11584"}],"curies":[{"name":"wp","href":"https:\/\/api.w.org\/{rel}","templated":true}]}}