{"id":11587,"date":"2024-09-27T11:00:05","date_gmt":"2024-09-27T11:00:05","guid":{"rendered":"https:\/\/ladepeche.mr\/?p=11587"},"modified":"2024-09-27T10:50:51","modified_gmt":"2024-09-27T10:50:51","slug":"le-president-mauritanien-mohamed-ould-ghazouani-defend-la-stabilite-de-son-pays-dans-un-sahel-trouble","status":"publish","type":"post","link":"https:\/\/ladepeche.mr\/?p=11587","title":{"rendered":"Le pr\u00e9sident mauritanien, Mohamed Ould Ghazouani, d\u00e9fend la stabilit\u00e9 de son pays dans un Sahel trouble"},"content":{"rendered":"<section class=\"en-page-entry post-page-entry post-page-layout-1\">\n<article id=\"post-55623\" class=\"post-55623 post type-post status-publish format-standard has-post-thumbnail hentry category-politique tag-mauritanie tag-mohamed-ould-el-ghazouani tag-new-york tag-sahel tag-union-africaine\">\n<div class=\"page-contents-entry\">\n<div class=\"editor-entry\">\n<p>Le Pr\u00e9sident mauritanien, Mohamed Ould el Ghazouani, est intervenu mercredi 25 septembre, \u00e0 la tribune de la 79\u00e8 AG des Nations Unies \u00e0 New-York, en sa qualit\u00e9 \u00e0 la fois de Chef d\u2019Etat mauritanien et pr\u00e9sident en exercice de l\u2019Union Africaine (UA).<\/p>\n<p>\u00abNous sommes parvenus \u00e0 maintenir la paix en Mauritanie dans un Sahel trouble, via une strat\u00e9gie de s\u00e9curit\u00e9 int\u00e9gr\u00e9e, en renfor\u00e7ant la pr\u00e9sence des jeunes dans diff\u00e9rents domaines, en \u00e9laguant diverses formes d\u2019exclusion, et en offrant une \u00e9ducation servant d\u2019ascenseur social\u00bb, a d\u00e9taill\u00e9 le pr\u00e9sident mauritanien r\u00e9\u00e9lu le 29 juin dernier pour un second quinquennat \u00e0 la t\u00eate de son pays.<\/p>\n<p>\u00abNous sommes parvenus au maintien de la paix en Mauritanie en augmentant aussi la palette de soins offerts aux populations (\u2026) Nous poursuivons aussi notre lutte contre la d\u00e9sertification au Sahel (\u2026)\u00bb, a encore expliqu\u00e9 El Ghazouani qui pr\u00e9side l\u2019Union Africaine depuis le 17 f\u00e9vrier 2024.<\/p>\n<p>\u00abNous sommes intimement convaincus en R\u00e9publique islamique de Mauritanie que l\u2019efficacit\u00e9 des relations internationales est bas\u00e9e sur l\u2019appui de questions justes bas\u00e9es sur le droit international. Nous r\u00e9it\u00e9rons l\u2019appel au dialogue pour r\u00e9gler la guerre en cours au Soudan (\u2026) Nous avons une responsabilit\u00e9 collective autour de notre avenir commun dont ne devraient \u00eatre exclus aucun pays et peuple pour un monde plus radieux\u00bb, a conclu l\u2019ex-officier de ce pays ouest-africain devenu Pr\u00e9sident en 2019.<\/p>\n<p>Dans une zone sah\u00e9lienne secou\u00e9e par une s\u00e9rie de coups d\u2019Etat et une floraison de groupes terroristes depuis 2012, la Mauritanie est l\u2019un des rares Etats stables, en d\u00e9pit de l\u2019immensit\u00e9 de son territoire bord\u00e9 par plusieurs de pays en Transition.<\/p>\n<blockquote class=\"wp-embedded-content\" data-secret=\"4gSG7owAcp\"><p><a href=\"https:\/\/www.agenceafrique.com\/\">Accueil<\/a><\/p><\/blockquote>\n<p><iframe loading=\"lazy\" class=\"wp-embedded-content\" sandbox=\"allow-scripts\" security=\"restricted\" style=\"position: absolute; visibility: hidden;\" title=\"\u00ab\u00a0Accueil\u00a0\u00bb &#8212; Agence Afrique\" src=\"https:\/\/www.agenceafrique.com\/embed#?secret=vGcDnkuB4Q#?secret=4gSG7owAcp\" data-secret=\"4gSG7owAcp\" width=\"500\" height=\"282\" frameborder=\"0\" marginwidth=\"0\" marginheight=\"0\" scrolling=\"no\"><\/iframe><\/p>\n<\/div>\n<\/div>\n<\/article>\n<\/section>\n","protected":false},"excerpt":{"rendered":"<p>Le Pr\u00e9sident mauritanien, Mohamed Ould el Ghazouani, est intervenu mercredi 25 septembre, \u00e0 la tribune de la 79\u00e8 AG des Nations Unies \u00e0 New-York, en sa qualit\u00e9 \u00e0 la fois de Chef d\u2019Etat mauritanien et pr\u00e9sident en exercice de l\u2019Union Africaine (UA). \u00abNous sommes parvenus \u00e0 maintenir la paix en Mauritanie dans un Sahel trouble, &hellip;<\/p>\n","protected":false},"author":2,"featured_media":11588,"comment_status":"open","ping_status":"open","sticky":false,"template":"","format":"standard","meta":{"footnotes":""},"categories":[18],"tags":[],"class_list":["post-11587","post","type-post","status-publish","format-standard","has-post-thumbnail","hentry","category-actualites"],"_links":{"self":[{"href":"https:\/\/ladepeche.mr\/index.php?rest_route=\/wp\/v2\/posts\/11587","targetHints":{"allow":["GET"]}}],"collection":[{"href":"https:\/\/ladepeche.mr\/index.php?rest_route=\/wp\/v2\/posts"}],"about":[{"href":"https:\/\/ladepeche.mr\/index.php?rest_route=\/wp\/v2\/types\/post"}],"author":[{"embeddable":true,"href":"https:\/\/ladepeche.mr\/index.php?rest_route=\/wp\/v2\/users\/2"}],"replies":[{"embeddable":true,"href":"https:\/\/ladepeche.mr\/index.php?rest_route=%2Fwp%2Fv2%2Fcomments&post=11587"}],"version-history":[{"count":1,"href":"https:\/\/ladepeche.mr\/index.php?rest_route=\/wp\/v2\/posts\/11587\/revisions"}],"predecessor-version":[{"id":11589,"href":"https:\/\/ladepeche.mr\/index.php?rest_route=\/wp\/v2\/posts\/11587\/revisions\/11589"}],"wp:featuredmedia":[{"embeddable":true,"href":"https:\/\/ladepeche.mr\/index.php?rest_route=\/wp\/v2\/media\/11588"}],"wp:attachment":[{"href":"https:\/\/ladepeche.mr\/index.php?rest_route=%2Fwp%2Fv2%2Fmedia&parent=11587"}],"wp:term":[{"taxonomy":"category","embeddable":true,"href":"https:\/\/ladepeche.mr\/index.php?rest_route=%2Fwp%2Fv2%2Fcategories&post=11587"},{"taxonomy":"post_tag","embeddable":true,"href":"https:\/\/ladepeche.mr\/index.php?rest_route=%2Fwp%2Fv2%2Ftags&post=11587"}],"curies":[{"name":"wp","href":"https:\/\/api.w.org\/{rel}","templated":true}]}}