{"id":11593,"date":"2024-09-27T11:30:23","date_gmt":"2024-09-27T11:30:23","guid":{"rendered":"https:\/\/ladepeche.mr\/?p=11593"},"modified":"2024-09-27T11:07:46","modified_gmt":"2024-09-27T11:07:46","slug":"vous-avez-du-sang-sur-les-mains-macron-interpelle-sur-gaza-par-des-manifestants-video","status":"publish","type":"post","link":"https:\/\/ladepeche.mr\/?p=11593","title":{"rendered":"\u00ab Vous avez du sang sur les mains \u00bb: Macron interpell\u00e9 sur Gaza par des manifestants (vid\u00e9o)"},"content":{"rendered":"<p><strong>\u00ab\u00a0Honte \u00e0 vous\u00a0\u00bb, \u00ab\u00a0Vous avez du sang sur les mains\u00a0\u00bb: Emmanuel Macron a \u00e9t\u00e9 vivement interpell\u00e9 jeudi \u00e0 Montr\u00e9al par des manifestants critiques de la position de la France sur le conflit \u00e0 Gaza, a constat\u00e9 une journaliste de l\u2019AFP.<\/strong><\/p>\n<p>\u00ab\u00a0<em>Shame on you !<\/em>\u00ab\u00a0, \u00ab\u00a0<em>Shame on you !<\/em>\u00a0\u00bb (Honte \u00e0 vous): les accusations, prof\u00e9r\u00e9es par une dizaine de personnes, ont fus\u00e9 alors que le chef de l\u2019Etat sortait d\u2019une conf\u00e9rence de presse avec le Premier ministre canadien Justin Trudeau.<\/p>\n<p>A l\u2019issue d\u2019un \u00e9change avec le public qui l\u2019attendait sur les trottoirs, Emmanuel Macron est alors all\u00e9 \u00e0 la rencontre des manifestants propalestiniens dans une m\u00eal\u00e9e de journalistes et d\u2019agents de s\u00e9curit\u00e9.<\/p>\n<p>https:\/\/twitter.com\/i\/status\/1839593337524834763<\/p>\n<p>&nbsp;<\/p>\n<p>\u00ab\u00a0<em>C\u2019est un g\u00e9nocide<\/em>\u00a0\u00bb qui est commis \u00e0 Gaza, \u00ab\u00a0<em>vous pouvez l\u2019arr\u00eater<\/em>\u00ab\u00a0, \u00ab\u00a0<em>vous offrez une couverture diplomatique<\/em>\u00a0\u00bb \u00e0 l\u2019Etat d\u2019Isra\u00ebl, ont encha\u00een\u00e9 deux d\u2019entre eux, dont une jeune femme palestinienne qui a expliqu\u00e9 avoir perdu sa fille \u00e0 Gaza.<\/p>\n<p>\u00ab\u00a0<em>La France envoie de l\u2019argent et des armes qui tuent des innocents<\/em>\u00ab\u00a0, \u00ab\u00a0<em>nous voulons des actes<\/em>\u00ab\u00a0, \u00ab\u00a0<em>vous pouvez mettre la pression sur Isra\u00ebl<\/em>\u00ab\u00a0, ont-ils martel\u00e9. Le pr\u00e9sident s\u2019est attach\u00e9 \u00e0 r\u00e9pondre point par point, en anglais, aux accusations sans r\u00e9ussir \u00e0 inverser le cours de la discussion. \u00ab\u00a0<em>Soyons clairs, nous ne vendons pas d\u2019armes, nous demandons un cessez-le-feu, nous sommes all\u00e9s au Conseil de s\u00e9curit\u00e9 pour cela<\/em>\u00ab\u00a0, a-t-il argument\u00e9.<\/p>\n<p>\u00ab\u00a0<em>En parall\u00e8le, nous devons travailler tous ensemble et d\u00e9cider ce que nous allons faire pour engager tous les pays de la r\u00e9gion \u00e0 stopper les groupes terroristes<\/em>\u00ab\u00a0, a-t-il ajout\u00e9. La manifestante la plus virulente a alors r\u00e9pliqu\u00e9 que le mouvement islamiste palestinien Hamas n\u2019\u00e9tait \u00ab\u00a0<em>pas un groupe terroriste mais de r\u00e9sistanc<\/em>e\u00a0\u00bb.<\/p>\n<p>\u00ab\u00a0<em>Non, ce que vous dites est inacceptable. Ils ont tu\u00e9 des centaines de personnes<\/em>\u00ab\u00a0, a r\u00e9pliqu\u00e9 Emmanuel Macron en r\u00e9f\u00e9rence \u00e0 l\u2019attaque sans pr\u00e9c\u00e9dent du Hamas le 7 octobre contre Isra\u00ebl. Exasp\u00e9r\u00e9e, la jeune femme a fini par l\u00e2cher: \u00ab\u00a0<em>Si vous \u00eates au pouvoir et ne pouvez rien changer, vous devez d\u00e9missionner !<\/em>\u00ab\u00a0. Emmanuel Macron a ensuite rejoint le Premier ministre du Qu\u00e9bec Fran\u00e7ois Legault quelques m\u00e8tres plus loin dans un mus\u00e9e du Vieux port de Montr\u00e9al.<\/p>\n<p>\u00ab\u00a0<em>Je suis all\u00e9 leur parler parce qu\u2019il y a une vraie \u00e9motion dans toutes nos soci\u00e9t\u00e9s. On le voit bien sur \u00e0 Gaza, les images qu\u2019il y a, le drame qui s\u2019y joue<\/em>\u00ab\u00a0, a-t-il dit devant des journalistes. \u00ab\u00a0<em>Je comprends, je respecte cette \u00e9motion (\u2026) A c\u00f4t\u00e9 de cette \u00e9motion, il peut y avoir beaucoup de confusion<\/em>\u00ab\u00a0, a-t-il ajout\u00e9, en d\u00e9plorant des \u00ab\u00a0<em>propos inacceptables \u00e0 l\u2019instant sur ce sujet\u00a0\u00bb. \u00ab\u00a0Je ne peux pas laisser dire tout et n\u2019importe quoi non plus<\/em>\u00ab\u00a0, a-t-il insist\u00e9.<\/p>\n<p>A la derni\u00e8re \u00e9tape de sa visite au Canada, devant la communaut\u00e9 fran\u00e7aise de Montr\u00e9al, une cinquantaine de manifestants l\u2019attendaient encore en scandant, cette fois en fran\u00e7ais, \u00ab\u00a0<em>Honte \u00e0 vous<\/em>\u00ab\u00a0, \u00ab\u00a0<em>Solidarit\u00e9 avec la Palestine<\/em>\u00ab\u00a0, \u00ab\u00a0<em>Macron d\u00e9mission<\/em>\u00ab . https:\/\/www.h24info.ma\/vous-avez-du-sang-sur-les-mains-macron-interpelle-sur-gaza-par-des-manifestants-video\/?utm_source=wonderpush&amp;utm_medium=notificationpush<\/p>\n","protected":false},"excerpt":{"rendered":"<p>\u00ab\u00a0Honte \u00e0 vous\u00a0\u00bb, \u00ab\u00a0Vous avez du sang sur les mains\u00a0\u00bb: Emmanuel Macron a \u00e9t\u00e9 vivement interpell\u00e9 jeudi \u00e0 Montr\u00e9al par des manifestants critiques de la position de la France sur le conflit \u00e0 Gaza, a constat\u00e9 une journaliste de l\u2019AFP. \u00ab\u00a0Shame on you !\u00ab\u00a0, \u00ab\u00a0Shame on you !\u00a0\u00bb (Honte \u00e0 vous): les accusations, prof\u00e9r\u00e9es par &hellip;<\/p>\n","protected":false},"author":2,"featured_media":11594,"comment_status":"open","ping_status":"open","sticky":false,"template":"","format":"standard","meta":{"footnotes":""},"categories":[18,29],"tags":[],"class_list":["post-11593","post","type-post","status-publish","format-standard","has-post-thumbnail","hentry","category-actualites","category-monde"],"_links":{"self":[{"href":"https:\/\/ladepeche.mr\/index.php?rest_route=\/wp\/v2\/posts\/11593","targetHints":{"allow":["GET"]}}],"collection":[{"href":"https:\/\/ladepeche.mr\/index.php?rest_route=\/wp\/v2\/posts"}],"about":[{"href":"https:\/\/ladepeche.mr\/index.php?rest_route=\/wp\/v2\/types\/post"}],"author":[{"embeddable":true,"href":"https:\/\/ladepeche.mr\/index.php?rest_route=\/wp\/v2\/users\/2"}],"replies":[{"embeddable":true,"href":"https:\/\/ladepeche.mr\/index.php?rest_route=%2Fwp%2Fv2%2Fcomments&post=11593"}],"version-history":[{"count":3,"href":"https:\/\/ladepeche.mr\/index.php?rest_route=\/wp\/v2\/posts\/11593\/revisions"}],"predecessor-version":[{"id":11597,"href":"https:\/\/ladepeche.mr\/index.php?rest_route=\/wp\/v2\/posts\/11593\/revisions\/11597"}],"wp:featuredmedia":[{"embeddable":true,"href":"https:\/\/ladepeche.mr\/index.php?rest_route=\/wp\/v2\/media\/11594"}],"wp:attachment":[{"href":"https:\/\/ladepeche.mr\/index.php?rest_route=%2Fwp%2Fv2%2Fmedia&parent=11593"}],"wp:term":[{"taxonomy":"category","embeddable":true,"href":"https:\/\/ladepeche.mr\/index.php?rest_route=%2Fwp%2Fv2%2Fcategories&post=11593"},{"taxonomy":"post_tag","embeddable":true,"href":"https:\/\/ladepeche.mr\/index.php?rest_route=%2Fwp%2Fv2%2Ftags&post=11593"}],"curies":[{"name":"wp","href":"https:\/\/api.w.org\/{rel}","templated":true}]}}