{"id":11610,"date":"2024-09-27T12:30:09","date_gmt":"2024-09-27T12:30:09","guid":{"rendered":"https:\/\/ladepeche.mr\/?p=11610"},"modified":"2024-09-27T12:14:10","modified_gmt":"2024-09-27T12:14:10","slug":"sahara-danemark-le-plan-dautonomie-presente-par-le-maroc-est-une-contribution-serieuse-et-credible","status":"publish","type":"post","link":"https:\/\/ladepeche.mr\/?p=11610","title":{"rendered":"Sahara \/ Danemark : \u2018\u2019Le Plan d&#8217;autonomie pr\u00e9sent\u00e9 par le Maroc est une contribution s\u00e9rieuse et cr\u00e9dible\u2019\u2019"},"content":{"rendered":"<p>En marge de la 79<sup>\u00e8me<\/sup> Session de l&#8217;Assembl\u00e9e G\u00e9n\u00e9rale des Nations Unies, le ministre marocain des Affaires \u00e9trang\u00e8res, M. Nasser Bourita, s&#8217;est entretenu, mercredi \u00e0 New York, avec le ministre des Affaires \u00e9trang\u00e8res du Danemark, M. Lars Lokke Rasmussen.<\/p>\n<p>Dans un Communiqu\u00e9 conjoint adopt\u00e9 \u00e0 l&#8217;issue de cette rencontre, \u2018\u2019le Danemark consid\u00e8re le Plan d&#8217;autonomie pr\u00e9sent\u00e9 par le Maroc en 2007 comme une contribution s\u00e9rieuse et cr\u00e9dible au processus en cours de l&#8217;ONU et comme une bonne base pour une solution convenue entre les parties\u2019\u2019.<\/p>\n<p>Dans ledit Communiqu\u00e9 conjoint, les deux ministres ont r\u00e9affirm\u00e9 leur soutien au processus men\u00e9 par les Nations Unies et \u00e0 l&#8217;Envoy\u00e9 personnel du Secr\u00e9taire G\u00e9n\u00e9ral de l&#8217;ONU pour le Sahara occidental, M. Staffan de Mistura, ainsi qu&#8217;\u00e0 ses efforts pour parvenir \u00e0 une solution pacifique et mutuellement acceptable au conflit, conform\u00e9ment aux r\u00e9solutions du Conseil de S\u00e9curit\u00e9 de l&#8217;ONU.<\/p>\n<p>Cette nouvelle position du Danemark s&#8217;inscrit dans le cadre de la dynamique internationale impuls\u00e9e par Sa Majest\u00e9 le Roi Mohammed VI, en soutien au plan d&#8217;autonomie et \u00e0 la souverainet\u00e9 du Maroc sur son Sahara. Elle confirme une tendance de fond en Europe, de toutes les r\u00e9gions du continent europ\u00e9en.<\/p>\n","protected":false},"excerpt":{"rendered":"<p>En marge de la 79\u00e8me Session de l&#8217;Assembl\u00e9e G\u00e9n\u00e9rale des Nations Unies, le ministre marocain des Affaires \u00e9trang\u00e8res, M. Nasser Bourita, s&#8217;est entretenu, mercredi \u00e0 New York, avec le ministre des Affaires \u00e9trang\u00e8res du Danemark, M. Lars Lokke Rasmussen. Dans un Communiqu\u00e9 conjoint adopt\u00e9 \u00e0 l&#8217;issue de cette rencontre, \u2018\u2019le Danemark consid\u00e8re le Plan d&#8217;autonomie &hellip;<\/p>\n","protected":false},"author":2,"featured_media":11611,"comment_status":"open","ping_status":"open","sticky":false,"template":"","format":"standard","meta":{"footnotes":""},"categories":[18,29],"tags":[],"class_list":["post-11610","post","type-post","status-publish","format-standard","has-post-thumbnail","hentry","category-actualites","category-monde"],"_links":{"self":[{"href":"https:\/\/ladepeche.mr\/index.php?rest_route=\/wp\/v2\/posts\/11610","targetHints":{"allow":["GET"]}}],"collection":[{"href":"https:\/\/ladepeche.mr\/index.php?rest_route=\/wp\/v2\/posts"}],"about":[{"href":"https:\/\/ladepeche.mr\/index.php?rest_route=\/wp\/v2\/types\/post"}],"author":[{"embeddable":true,"href":"https:\/\/ladepeche.mr\/index.php?rest_route=\/wp\/v2\/users\/2"}],"replies":[{"embeddable":true,"href":"https:\/\/ladepeche.mr\/index.php?rest_route=%2Fwp%2Fv2%2Fcomments&post=11610"}],"version-history":[{"count":1,"href":"https:\/\/ladepeche.mr\/index.php?rest_route=\/wp\/v2\/posts\/11610\/revisions"}],"predecessor-version":[{"id":11612,"href":"https:\/\/ladepeche.mr\/index.php?rest_route=\/wp\/v2\/posts\/11610\/revisions\/11612"}],"wp:featuredmedia":[{"embeddable":true,"href":"https:\/\/ladepeche.mr\/index.php?rest_route=\/wp\/v2\/media\/11611"}],"wp:attachment":[{"href":"https:\/\/ladepeche.mr\/index.php?rest_route=%2Fwp%2Fv2%2Fmedia&parent=11610"}],"wp:term":[{"taxonomy":"category","embeddable":true,"href":"https:\/\/ladepeche.mr\/index.php?rest_route=%2Fwp%2Fv2%2Fcategories&post=11610"},{"taxonomy":"post_tag","embeddable":true,"href":"https:\/\/ladepeche.mr\/index.php?rest_route=%2Fwp%2Fv2%2Ftags&post=11610"}],"curies":[{"name":"wp","href":"https:\/\/api.w.org\/{rel}","templated":true}]}}