{"id":11613,"date":"2024-09-27T16:43:44","date_gmt":"2024-09-27T16:43:44","guid":{"rendered":"https:\/\/ladepeche.mr\/?p=11613"},"modified":"2024-09-27T16:45:47","modified_gmt":"2024-09-27T16:45:47","slug":"ministere-de-leconomie-et-des-finances-communique-de-presse-2","status":"publish","type":"post","link":"https:\/\/ladepeche.mr\/?p=11613","title":{"rendered":"Minist\u00e8re de l&#8217;\u00c9conomie et des Finances: Communiqu\u00e9 de presse"},"content":{"rendered":"<div>L\u2019\u00e9quipe \u00e9conomique du gouvernement, comprenant \u00a0Son Excellence le ministre de l\u2019\u00c9conomie et des Finances, M. Sid&#8217;Ahmed Ould Bouh, le Gouverneur de la Banque Centrale, M. Mohamed Lemine Ould Dhehbi, ainsi que \u00a0plusieurs de leurs collaborateurs, a tenu sa deuxi\u00e8me r\u00e9union consultative mensuelle avec l\u2019Union Nationale du Patronat Mauritanien, repr\u00e9sent\u00e9e par son pr\u00e9sident, M. Mohamed Zein El Abidine Ould Cheikh Ahmed, ainsi que par les pr\u00e9sidents et repr\u00e9sentants des f\u00e9d\u00e9rations des secteurs bancaire, commercial, touristique, industriel, minier, \u00e9nerg\u00e9tique et de la p\u00eache.<\/div>\n<div><\/div>\n<div>Au cours de la r\u00e9union, plusieurs dossiers d\u2019int\u00e9r\u00eat commun ont \u00e9t\u00e9 examin\u00e9s, notamment les r\u00e9formes en cours visant la cr\u00e9ation d\u2019un march\u00e9 financier moderne, le partenariat public-priv\u00e9, le syst\u00e8me des march\u00e9s publics, le code des investissements, et la strat\u00e9gie nationale de lutte contre la corruption. Les m\u00e9canismes d\u2019approvisionnement du march\u00e9, en particulier \u00e0 travers la r\u00e9gulation du march\u00e9 des changes pour garantir la disponibilit\u00e9 des devises n\u00e9cessaires \u00e0 l\u2019importation, ont \u00e9galement \u00e9t\u00e9 abord\u00e9s, ainsi que les m\u00e9canismes du march\u00e9 mon\u00e9taire et la n\u00e9cessit\u00e9 d\u2019aligner les prix de ce march\u00e9 sur la r\u00e9alit\u00e9 de l\u2019offre et de la demande. Enfin, des amendements propos\u00e9s dans le cadre du projet de loi de finances rectificative, concernant le d\u00e9douanement des v\u00e9hicules, ainsi que le nouveau dispositif des conventions \u00a0d\u2019\u00e9tablissement ont \u00e9t\u00e9 pr\u00e9sent\u00e9s.<\/div>\n<div><\/div>\n<div>Les discussions ont \u00e9galement port\u00e9 sur la politique mon\u00e9taire et la situation du march\u00e9 des changes, avec un partage d\u2019informations sur la prochaine mission du Fonds Mon\u00e9taire International dans notre pays.<\/div>\n<div><\/div>\n<div>L\u2019\u00e9quipe gouvernementale a expos\u00e9 la vision des autorit\u00e9s sur ces diff\u00e9rents sujets, mettant en avant les r\u00e9alisations, les d\u00e9fis, et les attentes li\u00e9s \u00e0 ces r\u00e9formes, tout en insistant sur la n\u00e9cessit\u00e9 de maintenir la dynamique positive caract\u00e9risant la coordination entre le gouvernement et les f\u00e9d\u00e9rations du secteur priv\u00e9 au cours des derni\u00e8res semaines, qui a conduit \u00e0 des d\u00e9cisions importantes pour le march\u00e9 et les consommateurs dans notre pays.<\/div>\n<div><\/div>\n<div>Pour sa part, la d\u00e9l\u00e9gation du secteur priv\u00e9 a partag\u00e9 ses observations sur les questions soulev\u00e9es, tout en r\u00e9affirmant son engagement \u00e0 appliquer les conclusions de cette session consultative.<\/div>\n<div><\/div>\n<div>Enfin, les deux parties se sont convenues de :<\/div>\n<div>&#8211; Poursuivre l&#8217;engagement positif dans la concertation sur la politique \u00e9conomique afin de r\u00e9guler le march\u00e9 des changes, le march\u00e9 mon\u00e9taire et financer l&#8217;\u00e9conomie nationale;<\/div>\n<div>&#8211; Assurer la transparence dans les transactions et la coordination continue pour soutenir les r\u00e9formes en cours,<\/div>\n<div>&#8211; \u00a0\u2060Soutenir les efforts visant \u00e0 organiser des forums de consultation entre les secteurs public et priv\u00e9.<\/div>\n<div><\/div>\n<div>27 septembre 2024<\/div>\n","protected":false},"excerpt":{"rendered":"<p>L\u2019\u00e9quipe \u00e9conomique du gouvernement, comprenant \u00a0Son Excellence le ministre de l\u2019\u00c9conomie et des Finances, M. Sid&#8217;Ahmed Ould Bouh, le Gouverneur de la Banque Centrale, M. Mohamed Lemine Ould Dhehbi, ainsi que \u00a0plusieurs de leurs collaborateurs, a tenu sa deuxi\u00e8me r\u00e9union consultative mensuelle avec l\u2019Union Nationale du Patronat Mauritanien, repr\u00e9sent\u00e9e par son pr\u00e9sident, M. Mohamed Zein &hellip;<\/p>\n","protected":false},"author":2,"featured_media":11358,"comment_status":"open","ping_status":"open","sticky":false,"template":"","format":"standard","meta":{"footnotes":""},"categories":[18,2],"tags":[],"class_list":["post-11613","post","type-post","status-publish","format-standard","has-post-thumbnail","hentry","category-actualites","category-economie"],"_links":{"self":[{"href":"https:\/\/ladepeche.mr\/index.php?rest_route=\/wp\/v2\/posts\/11613","targetHints":{"allow":["GET"]}}],"collection":[{"href":"https:\/\/ladepeche.mr\/index.php?rest_route=\/wp\/v2\/posts"}],"about":[{"href":"https:\/\/ladepeche.mr\/index.php?rest_route=\/wp\/v2\/types\/post"}],"author":[{"embeddable":true,"href":"https:\/\/ladepeche.mr\/index.php?rest_route=\/wp\/v2\/users\/2"}],"replies":[{"embeddable":true,"href":"https:\/\/ladepeche.mr\/index.php?rest_route=%2Fwp%2Fv2%2Fcomments&post=11613"}],"version-history":[{"count":2,"href":"https:\/\/ladepeche.mr\/index.php?rest_route=\/wp\/v2\/posts\/11613\/revisions"}],"predecessor-version":[{"id":11615,"href":"https:\/\/ladepeche.mr\/index.php?rest_route=\/wp\/v2\/posts\/11613\/revisions\/11615"}],"wp:featuredmedia":[{"embeddable":true,"href":"https:\/\/ladepeche.mr\/index.php?rest_route=\/wp\/v2\/media\/11358"}],"wp:attachment":[{"href":"https:\/\/ladepeche.mr\/index.php?rest_route=%2Fwp%2Fv2%2Fmedia&parent=11613"}],"wp:term":[{"taxonomy":"category","embeddable":true,"href":"https:\/\/ladepeche.mr\/index.php?rest_route=%2Fwp%2Fv2%2Fcategories&post=11613"},{"taxonomy":"post_tag","embeddable":true,"href":"https:\/\/ladepeche.mr\/index.php?rest_route=%2Fwp%2Fv2%2Ftags&post=11613"}],"curies":[{"name":"wp","href":"https:\/\/api.w.org\/{rel}","templated":true}]}}