{"id":11619,"date":"2024-09-27T19:30:36","date_gmt":"2024-09-27T19:30:36","guid":{"rendered":"https:\/\/ladepeche.mr\/?p=11619"},"modified":"2024-09-27T19:30:36","modified_gmt":"2024-09-27T19:30:36","slug":"la-mauritanie-sassocie-au-japon-pour-stimuler-les-investissements-dans-le-numerique","status":"publish","type":"post","link":"https:\/\/ladepeche.mr\/?p=11619","title":{"rendered":"La Mauritanie s\u2019associe au Japon pour stimuler les investissements dans le num\u00e9rique"},"content":{"rendered":"<p><strong><span class=\"texte\">Le num\u00e9rique joue un r\u00f4le crucial dans l&#8217;\u00e9conomie et la soci\u00e9t\u00e9 japonaises. Gr\u00e2ce \u00e0 ses avanc\u00e9es significatives dans ce domaine, le Japon est d\u00e9sormais en mesure de partager son expertise et ses r\u00e9ussites avec d&#8217;autres pays.<\/span><\/strong><\/p>\n<p class=\"texte\">La Mauritanie et le Japon souhaitent renforcer leur collaboration dans le domaine de la transformation num\u00e9rique. Un accord de coop\u00e9ration a \u00e9t\u00e9 \u00e9tabli entre les deux pays \u00e0 l\u2019issue d\u2019une rencontre entre le ministre mauritanien de la Transformation num\u00e9rique, Ahmed Salem Ould Bede (photo, \u00e0 droite), et l\u2019ambassadeur du Japon en Mauritanie, Uchida Tatsukuni, en pr\u00e9sence des responsables du minist\u00e8re et des repr\u00e9sentants de la soci\u00e9t\u00e9 japonaise Toppan, sp\u00e9cialis\u00e9e dans les services publics num\u00e9riques.<\/p>\n<p class=\"texte\">\u00ab\u00a0<em>L&#8217;objectif de cette coop\u00e9ration est de stimuler les investissements japonais dans le secteur num\u00e9rique en Mauritanie, notamment dans la num\u00e9risation des services publics et de la simplification des d\u00e9marches administratives. Cela contribuera \u00e0 am\u00e9liorer la qualit\u00e9 des services offerts aux citoyens et \u00e0 les rendre plus accessibles\u00a0\u00bb,\u00a0<\/em>a pr\u00e9cis\u00e9 le minist\u00e8re du num\u00e9rique dans un communiqu\u00e9 officiel.<\/p>\n<p class=\"texte\">Cette initiative s\u2019inscrit dans le cadre de l\u2019Agenda de transformation num\u00e9rique 2022-2025 de la Mauritanie, o\u00f9 la modernisation de l\u2019administration publique joue un r\u00f4le cl\u00e9. Il intervient alors que le gouvernement intensifie ses efforts pour d\u00e9velopper son infrastructure num\u00e9rique et rendre les services publics plus efficaces \u00e0 travers des partenariats. Cette ann\u00e9e, le pays a \u00e9galement annonc\u00e9 des collaborations avec le sultanat d\u2019Oman et le Maroc.<\/p>\n<p class=\"texte\">Ce partenariat devrait ouvrir la voie aux entreprises japonaises pour investir dans les infrastructures num\u00e9riques et les services technologiques en Mauritanie. De plus, la Mauritanie pourra b\u00e9n\u00e9ficier de l&#8217;expertise japonaise en mati\u00e8re d\u2019e-gouvernance, un domaine dans lequel elle accuse un certain retard. Selon le dernier rapport des Nations unies sur l&#8217;administration en ligne, la Mauritanie se classe 165e sur 195 pays, avec un indice de d\u00e9veloppement de 0,3491, ce qui est en dessous de la moyenne africaine qui est de 0,4247.<\/p>\n<p class=\"texte\"><strong><em>Samira Njoya<\/em><\/strong><\/p>\n<p>https:\/\/www.wearetech.africa\/fr<\/p>\n","protected":false},"excerpt":{"rendered":"<p>Le num\u00e9rique joue un r\u00f4le crucial dans l&#8217;\u00e9conomie et la soci\u00e9t\u00e9 japonaises. Gr\u00e2ce \u00e0 ses avanc\u00e9es significatives dans ce domaine, le Japon est d\u00e9sormais en mesure de partager son expertise et ses r\u00e9ussites avec d&#8217;autres pays. La Mauritanie et le Japon souhaitent renforcer leur collaboration dans le domaine de la transformation num\u00e9rique. Un accord de &hellip;<\/p>\n","protected":false},"author":2,"featured_media":11620,"comment_status":"open","ping_status":"open","sticky":false,"template":"","format":"standard","meta":{"footnotes":""},"categories":[18,2],"tags":[],"class_list":["post-11619","post","type-post","status-publish","format-standard","has-post-thumbnail","hentry","category-actualites","category-economie"],"_links":{"self":[{"href":"https:\/\/ladepeche.mr\/index.php?rest_route=\/wp\/v2\/posts\/11619","targetHints":{"allow":["GET"]}}],"collection":[{"href":"https:\/\/ladepeche.mr\/index.php?rest_route=\/wp\/v2\/posts"}],"about":[{"href":"https:\/\/ladepeche.mr\/index.php?rest_route=\/wp\/v2\/types\/post"}],"author":[{"embeddable":true,"href":"https:\/\/ladepeche.mr\/index.php?rest_route=\/wp\/v2\/users\/2"}],"replies":[{"embeddable":true,"href":"https:\/\/ladepeche.mr\/index.php?rest_route=%2Fwp%2Fv2%2Fcomments&post=11619"}],"version-history":[{"count":1,"href":"https:\/\/ladepeche.mr\/index.php?rest_route=\/wp\/v2\/posts\/11619\/revisions"}],"predecessor-version":[{"id":11621,"href":"https:\/\/ladepeche.mr\/index.php?rest_route=\/wp\/v2\/posts\/11619\/revisions\/11621"}],"wp:featuredmedia":[{"embeddable":true,"href":"https:\/\/ladepeche.mr\/index.php?rest_route=\/wp\/v2\/media\/11620"}],"wp:attachment":[{"href":"https:\/\/ladepeche.mr\/index.php?rest_route=%2Fwp%2Fv2%2Fmedia&parent=11619"}],"wp:term":[{"taxonomy":"category","embeddable":true,"href":"https:\/\/ladepeche.mr\/index.php?rest_route=%2Fwp%2Fv2%2Fcategories&post=11619"},{"taxonomy":"post_tag","embeddable":true,"href":"https:\/\/ladepeche.mr\/index.php?rest_route=%2Fwp%2Fv2%2Ftags&post=11619"}],"curies":[{"name":"wp","href":"https:\/\/api.w.org\/{rel}","templated":true}]}}