{"id":11622,"date":"2024-09-27T20:15:44","date_gmt":"2024-09-27T20:15:44","guid":{"rendered":"https:\/\/ladepeche.mr\/?p=11622"},"modified":"2024-09-27T19:38:23","modified_gmt":"2024-09-27T19:38:23","slug":"sous-les-huees-et-les-protestations-benyamin-netanyahou-promet-de-continuer-la-guerre","status":"publish","type":"post","link":"https:\/\/ladepeche.mr\/?p=11622","title":{"rendered":"Sous les hu\u00e9es et les protestations, Benyamin Netanyahou promet de continuer la guerre"},"content":{"rendered":"<div class=\"rich-text u-margin-b-3 u-padding-b-0 u-padding-t-0\">\n<p class=\"chapo\">En pleine guerre \u00e0 Gaza et les bombardements au Liban, le premier ministre isra\u00e9lien a tenu ce vendredi un discours guerrier \u00e0 l\u2019Assembl\u00e9e g\u00e9n\u00e9rale de l\u2019Onu. L\u2019ennemi reste l\u2019Iran.<\/p>\n<\/div>\n<div class=\"single__content__text__reverse u-flex-column\">\n<div class=\"single__content__text__published u-align-items-center c-purple t-label-medium u-flex-row u-margin-b-1\">\n<p>Sous les hu\u00e9es de la salle, le premier ministre isra\u00e9lien est mont\u00e9 \u00e0 la tribune de l\u2019Onu. Afin de protester contre les crimes commis par\u00a0<a href=\"https:\/\/www.humanite.fr\/monde\/benyamin-netanyahou\/liban-le-hezbollah-vise-tel-aviv-netanyahou-assume-la-guerre\" target=\"_blank\" rel=\"noopener\">Benyamin Netanyahou<\/a>\u00a0et son gouvernement depuis le 7\u00a0octobre dans la bande de Gaza de nombreux diplomates ont quitt\u00e9 l\u2019assembl\u00e9e.\u00a0<em>\u00ab\u00a0Je n\u2019avais pas pr\u00e9vu de venir ici cette ann\u00e9e. Mais vu les mensonges prof\u00e9r\u00e9s par de nombreux intervenants, j\u2019ai d\u00e9cid\u00e9 de parler au nom de mon peuple et mon pays\u00a0\u00bb<\/em>\u00a0a imm\u00e9diatement r\u00e9agi le chef du gouvernement isra\u00e9lien.<\/p>\n<p>Face aux condamnations de la CPI,\u00a0<a href=\"https:\/\/www.humanite.fr\/monde\/mahmoud-abbas\/gaza-arretez-denvoyer-des-armes-a-israel-lance-mahmoud-abbas-a-lonu\" target=\"_blank\" rel=\"noopener\">aux protestations internationales et aux pressions de nombreux pays<\/a>\u00a0qui r\u00e9clament un cessez-le-feu imm\u00e9diat \u00e0 Gaza et d\u00e9sormais au Liban, Benyamin Netanyahou a os\u00e9 affirmer qu\u2019<em>\u00ab\u00a0Isra\u00ebl veut la paix\u00a0\u00bb<\/em>\u00a0et\u00a0<em>\u00ab\u00a0appelle \u00e0 la paix (\u2026) Mais nous sommes confront\u00e9s \u00e0 des ennemis sauvages qui veulent nous d\u00e9truire\u00a0\u00bb\u00a0<\/em>en ciblant comme principale menace l\u2019Iran.<\/p>\n<h2 class=\"wp-block-heading\">Isra\u00ebl contraint de se d\u00e9fendre<\/h2>\n<p>En marge de sa venue, des protestations se sont d\u00e9roul\u00e9es \u00e0 New York et devant le si\u00e8ge de l\u2019Onu contre le gouvernement isra\u00e9lien.\u00a0<em>\u00ab\u00a0<\/em><a href=\"https:\/\/www.humanite.fr\/monde\/antonio-guterres\/a-la-tribune-de-lonu-antonio-guterres-denonce-lere-de-limpunite\" target=\"_blank\" rel=\"noopener\"><em>Arr\u00eatez de tuer des enfants<\/em><\/a><em>, mettez fin \u00e0 la guerre, signez l\u2019accord, ramez les otages \u00e0 la maison\u00a0\u00bb<\/em>\u00a0ont lanc\u00e9 plusieurs manifestants qui r\u00e9clament que la guerre \u00e0 Gaza et au Liban s\u2019arr\u00eate.<\/p>\n<p>Pour Netanyahou,\u00a0<em>\u00ab\u00a0Isra\u00ebl a \u00e9t\u00e9 contraint de se d\u00e9fendre sur plusieurs fronts\u00a0\u00bb\u00a0<\/em>et d\u2019adresser\u00a0<em>\u00ab\u00a0un message \u00e0 T\u00e9h\u00e9ran si vous nous frappez nous vous frapperons\u00a0\u00bb<\/em>. Les autorit\u00e9s isra\u00e9liennes ont pourtant clairement viol\u00e9 les souverainet\u00e9s des \u00c9tats\u00a0<a href=\"https:\/\/www.humanite.fr\/monde\/armee-israelienne\/cest-digne-dun-film-de-fiction-ou-dun-roman-despionnage-apres-lexplosion-des-bipeurs-du-hezbollah-les-libanais-entre-psycho\" target=\"_blank\" rel=\"noopener\">en bombardant le Liban<\/a>, en assassinant fin juillet \u00e0 T\u00e9h\u00e9ran, le chef du Hamas, Isma\u00efl Haniyeh ou d\u2019attaquer l\u2019ambassade d\u2019Iran \u00e0 Damas.<\/p>\n<p>Au cours de son discours, Netanyahou a brandi \u00e0 nouveau deux cartes cette fois intitul\u00e9es respectivement\u00a0:\u00a0<em>\u00ab\u00a0La b\u00e9n\u00e9diction\u00a0\u00bb<\/em>\u00a0et\u00a0<em>\u00ab\u00a0La mal\u00e9diction\u00a0\u00bb<\/em>. Elles ont servi \u00e0 illustrer l\u2019int\u00e9gration potentielle d\u2019Isra\u00ebl au Moyen-Orient par rapport \u00e0 l\u2019influence de l\u2019Iran dans toute la r\u00e9gion avec un\u00a0<em>\u00ab\u00a0arc de la terreur\u00a0\u00bb<\/em>\u00a0: Syrie, Irak, Iran. Il a accus\u00e9 T\u00e9h\u00e9ran de vouloir\u00a0<em>\u00ab\u00a0imposer la terreur\u00a0\u00bb.<\/em>\u00a0Sur la carte de la mal\u00e9diction, ni Gaza ni la Cisjordanie n\u2019\u00e9taient repr\u00e9sent\u00e9s mais un \u00ab\u00a0Grand Isra\u00ebl\u00a0\u00bb annexionniste. L\u2019an dernier, d\u00e9j\u00e0 \u00e0 l\u2019Assembl\u00e9e g\u00e9n\u00e9rale, il avait sorti une carte illustrant un\u00a0<em>\u00ab\u00a0nouveau Moyen-Orient\u00a0\u00bb<\/em>\u00a0effa\u00e7ant la Palestine.<\/p>\n<p>Seule ouverture \u00e9mise par Benyamin Netanyahou\u00a0: l\u2019Arabie saoudite et la volont\u00e9 de signer un accord comme ceux Abraham.\u00a0<em>\u00ab\u00a0Je vous le dis, quelle b\u00e9n\u00e9diction une telle paix avec l\u2019Arabie saoudite apporterait \u2013 elle serait une aubaine pour la s\u00e9curit\u00e9 et l\u2019\u00e9conomie de nos deux pays, elle stimulerait le commerce et le tourisme dans toute la r\u00e9gion, elle aiderait \u00e0 transformer le Moyen-Orient en un g\u00e9ant mondial\u00a0\u00bb<\/em>, a-t-il d\u00e9clar\u00e9.<\/p>\n<h2 class=\"wp-block-heading\">L\u2019Onu, un \u00ab\u00a0mar\u00e9cage antis\u00e9mite\u00a0\u00bb<\/h2>\n<p>Un discours qui a \u00e9t\u00e9 applaudi par la large d\u00e9l\u00e9gation isra\u00e9lienne et les familles des otages pr\u00e9sents \u00e0 l\u2019Onu. Dans un discours nationaliste, provocateur\u00a0et mensonger, le premier ministre a m\u00eame affirm\u00e9\u00a0:\u00a0<em>\u00ab\u00a0Je vous le dis, jusqu\u2019\u00e0 ce qu\u2019Isra\u00ebl, jusqu\u2019\u00e0 ce que l\u2019\u00c9tat juif, soit trait\u00e9 comme les autres nations, jusqu\u2019\u00e0 ce que mar\u00e9cage antis\u00e9mite soit ass\u00e9ch\u00e9, l\u2019ONU sera consid\u00e9r\u00e9e par les gens justes comme rien de plus qu\u2019une farce m\u00e9prisante\u00a0\u00bb<\/em>.<\/p>\n<p>\u00c0 la tribune de l\u2019Assembl\u00e9e g\u00e9n\u00e9rale des Nations unies dont 165 membres de son personnel qui travaillaient pour l\u2019UNRWA (Office de secours et de travaux des Nations unies pour les r\u00e9fugi\u00e9s au Proche-Orient) ont \u00e9t\u00e9 tu\u00e9s, aucun remords n\u2019a \u00e9t\u00e9 \u00e9voqu\u00e9 par le dirigeant isra\u00e9lien. Pire, ce dernier n\u2019a eu que du m\u00e9pris pour la justice internationale et les mandats d\u2019arr\u00eat imminents de la CPI r\u00e9sum\u00e9s \u00e0\u00a0<em>\u00ab\u00a0de l\u2019antis\u00e9mitisme pur et simple\u00a0\u00bb<\/em>.<\/p>\n<p>Le minist\u00e8re isra\u00e9lien de la D\u00e9fense a annonc\u00e9 jeudi avoir obtenu un nouveau train d\u2019aide militaire am\u00e9ricaine, d\u2019une valeur de 8,7\u00a0milliards de dollars\u00a0<em>\u00ab\u00a0en soutien \u00e0 l\u2019effort militaire en cours d\u2019Isra\u00ebl\u00a0\u00bb<\/em>,<a href=\"https:\/\/www.humanite.fr\/monde\/armee-israelienne\/cest-digne-dun-film-de-fiction-ou-dun-roman-despionnage-apres-lexplosion-des-bipeurs-du-hezbollah-les-libanais-entre-psycho\" target=\"_blank\" rel=\"noreferrer noopener\">\u00a0en pleine escalade avec le Hezbollah libanais<\/a>\u00a0et en guerre \u00e0 Gaza, ce qui minimise les d\u00e9clarations de l\u2019administration Biden quant \u00e0 la volont\u00e9 d\u2019un cessez-le-feu, que ce soit avec le Hezbollah ou avec\u00a0<a href=\"https:\/\/www.humanite.fr\/monde\/attaque-du-hamas\/tout-savoir-sur-le-hamas-son-origine-ses-financements-ses-objectifs\" target=\"_blank\" rel=\"noreferrer noopener\">le Hamas<\/a>.\u00a0<em>\u00ab\u00a0Isra\u00ebl, qui refuse d\u2019appliquer les r\u00e9solutions des Nations unies, ne m\u00e9rite pas d\u2019\u00eatre un membre de cette organisation internationale\u00a0\u00bb<\/em>, a martel\u00e9 le dirigeant palestinien tr\u00e8s applaudi.<\/p>\n<p>https:\/\/www.humanite.fr\/<\/p>\n<\/div>\n<\/div>\n","protected":false},"excerpt":{"rendered":"<p>En pleine guerre \u00e0 Gaza et les bombardements au Liban, le premier ministre isra\u00e9lien a tenu ce vendredi un discours guerrier \u00e0 l\u2019Assembl\u00e9e g\u00e9n\u00e9rale de l\u2019Onu. L\u2019ennemi reste l\u2019Iran. Sous les hu\u00e9es de la salle, le premier ministre isra\u00e9lien est mont\u00e9 \u00e0 la tribune de l\u2019Onu. Afin de protester contre les crimes commis par\u00a0Benyamin Netanyahou\u00a0et &hellip;<\/p>\n","protected":false},"author":2,"featured_media":11623,"comment_status":"open","ping_status":"open","sticky":false,"template":"","format":"standard","meta":{"footnotes":""},"categories":[18,29],"tags":[],"class_list":["post-11622","post","type-post","status-publish","format-standard","has-post-thumbnail","hentry","category-actualites","category-monde"],"_links":{"self":[{"href":"https:\/\/ladepeche.mr\/index.php?rest_route=\/wp\/v2\/posts\/11622","targetHints":{"allow":["GET"]}}],"collection":[{"href":"https:\/\/ladepeche.mr\/index.php?rest_route=\/wp\/v2\/posts"}],"about":[{"href":"https:\/\/ladepeche.mr\/index.php?rest_route=\/wp\/v2\/types\/post"}],"author":[{"embeddable":true,"href":"https:\/\/ladepeche.mr\/index.php?rest_route=\/wp\/v2\/users\/2"}],"replies":[{"embeddable":true,"href":"https:\/\/ladepeche.mr\/index.php?rest_route=%2Fwp%2Fv2%2Fcomments&post=11622"}],"version-history":[{"count":1,"href":"https:\/\/ladepeche.mr\/index.php?rest_route=\/wp\/v2\/posts\/11622\/revisions"}],"predecessor-version":[{"id":11624,"href":"https:\/\/ladepeche.mr\/index.php?rest_route=\/wp\/v2\/posts\/11622\/revisions\/11624"}],"wp:featuredmedia":[{"embeddable":true,"href":"https:\/\/ladepeche.mr\/index.php?rest_route=\/wp\/v2\/media\/11623"}],"wp:attachment":[{"href":"https:\/\/ladepeche.mr\/index.php?rest_route=%2Fwp%2Fv2%2Fmedia&parent=11622"}],"wp:term":[{"taxonomy":"category","embeddable":true,"href":"https:\/\/ladepeche.mr\/index.php?rest_route=%2Fwp%2Fv2%2Fcategories&post=11622"},{"taxonomy":"post_tag","embeddable":true,"href":"https:\/\/ladepeche.mr\/index.php?rest_route=%2Fwp%2Fv2%2Ftags&post=11622"}],"curies":[{"name":"wp","href":"https:\/\/api.w.org\/{rel}","templated":true}]}}