{"id":11625,"date":"2024-09-27T22:46:02","date_gmt":"2024-09-27T22:46:02","guid":{"rendered":"https:\/\/ladepeche.mr\/?p=11625"},"modified":"2024-09-27T22:46:02","modified_gmt":"2024-09-27T22:46:02","slug":"election-du-gabonais-prosper-zoo-mintoo-dg-de-lasecna-ely-ould-el-veirik-essuie-son-premier-revers","status":"publish","type":"post","link":"https:\/\/ladepeche.mr\/?p=11625","title":{"rendered":"Election du gabonais Prosper Zo&#8217;o Minto&#8217;o, DG de l\u2019Asecna\u00a0: Ely Ould El Veirik essuie son premier &#8220;revers&#8221;"},"content":{"rendered":"<p>M\u00eame s\u2019il n\u2019a fait que prendre le train en marche, \u00e0 propos d\u2019une campagne ouverte depuis plusieurs mois pour l\u2019\u00e9lection d\u2019un nouveau Directeur Gn\u00e9ral pour l\u2019Asecna (l&#8217;Agence pour la S\u00e9curit\u00e9 de la Navigation A\u00e9rienne en Afrique et \u00e0 Madagascar), le ministre de l\u2019\u00e9quipement et des transports, Ely Ould El Veiril, enregistre son premier \u00e9chec \u00ab\u00a0diplomatique\u00a0\u00bb, apr\u00e8s l\u2019\u00e9lection par le Comit\u00e9 des Ministres, du Gabonais, Prosper Zo&#8217;o Minto&#8217;o. N\u2019ayant pas particip\u00e9 \u00e0 la pr\u00e9paration de l\u2019\u00e9lection du tchadien, le nouveau ministre, qui pr\u00e9sidait une d\u00e9l\u00e9gation \u00e0 cette rencontre d\u00e9cisive pour le renouvellement du DG de l\u2019entreprise a cependant des circonstances att\u00e9nuantes car le plus important \u00e9tait de respecter un soutien promis au pr\u00e9sident Tchadien.<\/p>\n<p>Lors de cette \u00e9lection, le gabonais a totalis\u00e9 10 voix sur 18 possibles et a \u00e9t\u00e9 sacr\u00e9 \u00e9lu de la 74\u00e8me r\u00e9union extraordinaire Comit\u00e9 des Ministres de l&#8217;organisation.<\/p>\n<p>Prosper Zo&#8217;o Minto&#8217;o, directeur du bureau r\u00e9gional de l\u2019OACI pour l\u2019Afrique de l\u2019Ouest et du Centre aurait surtout battu ses adversaires dont le tchadien que notre pays soutenait bien plus en raison de son cursus personnel que du fait d\u2019un soutien politique. Son CV aurait \u00e9t\u00e9 d\u00e9terminant pour un poste qui requiert une grande connaissance de l\u2019aviation civile sur le Continent. Il devrait prendra officiellement ses fonctions le 1er janvier 2025 pour un mandat de quatre ans, renouvelable une fois.<\/p>\n<p>La session extraordinaire du Comit\u00e9 des Ministres \u00e9tait pr\u00e9sid\u00e9e par le premier ministre s\u00e9n\u00e9glais Ousmane Sonko.<\/p>\n","protected":false},"excerpt":{"rendered":"<p>M\u00eame s\u2019il n\u2019a fait que prendre le train en marche, \u00e0 propos d\u2019une campagne ouverte depuis plusieurs mois pour l\u2019\u00e9lection d\u2019un nouveau Directeur Gn\u00e9ral pour l\u2019Asecna (l&#8217;Agence pour la S\u00e9curit\u00e9 de la Navigation A\u00e9rienne en Afrique et \u00e0 Madagascar), le ministre de l\u2019\u00e9quipement et des transports, Ely Ould El Veiril, enregistre son premier \u00e9chec \u00ab\u00a0diplomatique\u00a0\u00bb, &hellip;<\/p>\n","protected":false},"author":2,"featured_media":11626,"comment_status":"open","ping_status":"open","sticky":false,"template":"","format":"standard","meta":{"footnotes":""},"categories":[18,29],"tags":[],"class_list":["post-11625","post","type-post","status-publish","format-standard","has-post-thumbnail","hentry","category-actualites","category-monde"],"_links":{"self":[{"href":"https:\/\/ladepeche.mr\/index.php?rest_route=\/wp\/v2\/posts\/11625","targetHints":{"allow":["GET"]}}],"collection":[{"href":"https:\/\/ladepeche.mr\/index.php?rest_route=\/wp\/v2\/posts"}],"about":[{"href":"https:\/\/ladepeche.mr\/index.php?rest_route=\/wp\/v2\/types\/post"}],"author":[{"embeddable":true,"href":"https:\/\/ladepeche.mr\/index.php?rest_route=\/wp\/v2\/users\/2"}],"replies":[{"embeddable":true,"href":"https:\/\/ladepeche.mr\/index.php?rest_route=%2Fwp%2Fv2%2Fcomments&post=11625"}],"version-history":[{"count":1,"href":"https:\/\/ladepeche.mr\/index.php?rest_route=\/wp\/v2\/posts\/11625\/revisions"}],"predecessor-version":[{"id":11627,"href":"https:\/\/ladepeche.mr\/index.php?rest_route=\/wp\/v2\/posts\/11625\/revisions\/11627"}],"wp:featuredmedia":[{"embeddable":true,"href":"https:\/\/ladepeche.mr\/index.php?rest_route=\/wp\/v2\/media\/11626"}],"wp:attachment":[{"href":"https:\/\/ladepeche.mr\/index.php?rest_route=%2Fwp%2Fv2%2Fmedia&parent=11625"}],"wp:term":[{"taxonomy":"category","embeddable":true,"href":"https:\/\/ladepeche.mr\/index.php?rest_route=%2Fwp%2Fv2%2Fcategories&post=11625"},{"taxonomy":"post_tag","embeddable":true,"href":"https:\/\/ladepeche.mr\/index.php?rest_route=%2Fwp%2Fv2%2Ftags&post=11625"}],"curies":[{"name":"wp","href":"https:\/\/api.w.org\/{rel}","templated":true}]}}