{"id":11631,"date":"2024-09-28T11:49:39","date_gmt":"2024-09-28T11:49:39","guid":{"rendered":"https:\/\/ladepeche.mr\/?p=11631"},"modified":"2024-09-28T11:49:39","modified_gmt":"2024-09-28T11:49:39","slug":"hassan-nasrallah-chef-charismatique-du-hezbollah-depuis-plus-de-trois-decennies-est-mort","status":"publish","type":"post","link":"https:\/\/ladepeche.mr\/?p=11631","title":{"rendered":"Hassan Nasrallah, chef charismatique du Hezbollah depuis plus de trois d\u00e9cennies, est mort"},"content":{"rendered":"<p>Vous pouvez partager un article en cliquant sur les ic\u00f4nes de partage en haut \u00e0 droite de celui-ci.<br \/>\nLa reproduction totale ou partielle d\u2019un article, sans l\u2019autorisation \u00e9crite et pr\u00e9alable du <a href=\"https:\/\/www.lemonde.fr\">Monde<\/a>, est strictement interdite.<br \/>\nPour plus d\u2019informations, consultez nos <a href=\"https:\/\/moncompte.lemonde.fr\/cgv\">conditions g\u00e9n\u00e9rales de vente<\/a>.<br \/>\nPour toute demande d\u2019autorisation, contactez <a href=\"mailto:syndication@lemonde.fr\">syndication@lemonde.fr<\/a>.<br \/>\nEn tant qu\u2019abonn\u00e9, vous pouvez offrir jusqu\u2019\u00e0 cinq articles par mois \u00e0 l\u2019un de vos proches gr\u00e2ce \u00e0 la fonctionnalit\u00e9 \u00ab Offrir un article \u00bb.<\/p>\n<p><a href=\"https:\/\/www.lemonde.fr\/guerre-au-proche-orient\/article\/2024\/09\/28\/le-parcours-de-hassan-nasrallah-chef-charismatique-du-hezbollah-dont-l-armee-israelienne-a-annonce-la-mort_6337738_6325529.html\">https:\/\/www.lemonde.fr\/guerre-au-proche-orient\/article\/2024\/09\/28\/le-parcours-de-hassan-nasrallah-chef-charismatique-du-hezbollah-dont-l-armee-israelienne-a-annonce-la-mort_6337738_6325529.html<\/a><\/p>\n<section class=\"article__heading\">\n<div class=\"article__header-wrap\">\n<section class=\"article__info\">\n<section class=\"article__stand-first\">\n<p class=\"article__desc\">L\u2019Etat h\u00e9breu a annonc\u00e9, samedi, que le leader de la milice arm\u00e9e chiite pro-iranienne, v\u00e9ritable Etat dans l\u2019Etat au Liban, a \u00e9t\u00e9 tu\u00e9 par une frappe isra\u00e9lienne sur son fief de la banlieue sud de Beyrouth. Le Hezbollah a confirm\u00e9 sa mort en d\u00e9but d\u2019apr\u00e8s-midi.<\/p>\n<\/section>\n<\/section>\n<\/div>\n<\/section>\n<section class=\"article__content article__content--restricted\">\n<p class=\"article__paragraph article__paragraph--lf\">Avec son turban noir, r\u00e9serv\u00e9 aux descendants du Proph\u00e8te, ses fines lunettes et sa grosse barbe poivre et sel, Hassan Nasrallah est le visage du Hezbollah depuis plus de trois d\u00e9cennies. A la t\u00eate de cette milice vou\u00e9e \u00e0 la lutte arm\u00e9e contre Isra\u00ebl, devenue un Etat au-dessus de l\u2019Etat libanais, le leader chiite a tenu le destin du pays du C\u00e8dre entre ses mains, dans la guerre comme dans la paix. L\u2019arm\u00e9e isra\u00e9lienne a annonc\u00e9 avoir tu\u00e9 ce chef charismatique, v\u00e9n\u00e9r\u00e9 religieusement par ses partisans, et craint par ses ennemis comme un strat\u00e8ge politico-militaire hors pair, vendredi 27\u00a0septembre, dans une frappe isra\u00e9lienne sur son fief de la banlieue sud de Beyrouth.<\/p>\n<p class=\"article__paragraph article__paragraph--lf\">Face \u00e0 des r\u00e9gimes arabes critiqu\u00e9s pour avoir abandonn\u00e9 la cause palestinienne, le \u00ab\u00a0sayyed\u00a0\u00bb comme il est surnomm\u00e9, a incarn\u00e9 la r\u00e9sistance \u00e0 Isra\u00ebl au sein du monde arabe. Il est adul\u00e9 comme un nouveau Nasser ou un Che Guevara arabe, depuis que ses forces ont oblig\u00e9 Isra\u00ebl \u00e0 se retirer du Liban sud, en\u00a02000, apr\u00e8s vingt-deux ans d\u2019occupation. Une aura de h\u00e9ros rehauss\u00e9e \u00e0 l\u2019\u00e9t\u00e9 2006, quand le Hezbollah a mis en \u00e9chec les troupes de l\u2019Etat h\u00e9breu, dans une br\u00e8ve guerre de trente-trois jours.<\/p>\n<p class=\"article__paragraph article__paragraph--lf\">Objet de fascination, l\u2019homme se pla\u00eet \u00e0 dicter l\u2019histoire du Moyen-Orient, avec une verve sans pareille, dans de longs discours fleuve, empreints de r\u00e9f\u00e9rences religieuses, ponctu\u00e9s de traits d\u2019humour et de menaces appuy\u00e9es d\u2019un doigt lev\u00e9. Il \u00e9tait n\u00e9anmoins un homme traqu\u00e9, qu\u2019on disait retranch\u00e9 dans un bunker sous la banlieue sud de Beyrouth, pour \u00e9chapper aux tentatives d\u2019assassinat d\u2019Isra\u00ebl.<\/p>\n<p>https:\/\/www.lemonde.fr\/<\/p>\n<\/section>\n","protected":false},"excerpt":{"rendered":"<p>Vous pouvez partager un article en cliquant sur les ic\u00f4nes de partage en haut \u00e0 droite de celui-ci. La reproduction totale ou partielle d\u2019un article, sans l\u2019autorisation \u00e9crite et pr\u00e9alable du Monde, est strictement interdite. Pour plus d\u2019informations, consultez nos conditions g\u00e9n\u00e9rales de vente. Pour toute demande d\u2019autorisation, contactez syndication@lemonde.fr. En tant qu\u2019abonn\u00e9, vous pouvez &hellip;<\/p>\n","protected":false},"author":2,"featured_media":11632,"comment_status":"open","ping_status":"open","sticky":false,"template":"","format":"standard","meta":{"footnotes":""},"categories":[18,29],"tags":[],"class_list":["post-11631","post","type-post","status-publish","format-standard","has-post-thumbnail","hentry","category-actualites","category-monde"],"_links":{"self":[{"href":"https:\/\/ladepeche.mr\/index.php?rest_route=\/wp\/v2\/posts\/11631","targetHints":{"allow":["GET"]}}],"collection":[{"href":"https:\/\/ladepeche.mr\/index.php?rest_route=\/wp\/v2\/posts"}],"about":[{"href":"https:\/\/ladepeche.mr\/index.php?rest_route=\/wp\/v2\/types\/post"}],"author":[{"embeddable":true,"href":"https:\/\/ladepeche.mr\/index.php?rest_route=\/wp\/v2\/users\/2"}],"replies":[{"embeddable":true,"href":"https:\/\/ladepeche.mr\/index.php?rest_route=%2Fwp%2Fv2%2Fcomments&post=11631"}],"version-history":[{"count":1,"href":"https:\/\/ladepeche.mr\/index.php?rest_route=\/wp\/v2\/posts\/11631\/revisions"}],"predecessor-version":[{"id":11633,"href":"https:\/\/ladepeche.mr\/index.php?rest_route=\/wp\/v2\/posts\/11631\/revisions\/11633"}],"wp:featuredmedia":[{"embeddable":true,"href":"https:\/\/ladepeche.mr\/index.php?rest_route=\/wp\/v2\/media\/11632"}],"wp:attachment":[{"href":"https:\/\/ladepeche.mr\/index.php?rest_route=%2Fwp%2Fv2%2Fmedia&parent=11631"}],"wp:term":[{"taxonomy":"category","embeddable":true,"href":"https:\/\/ladepeche.mr\/index.php?rest_route=%2Fwp%2Fv2%2Fcategories&post=11631"},{"taxonomy":"post_tag","embeddable":true,"href":"https:\/\/ladepeche.mr\/index.php?rest_route=%2Fwp%2Fv2%2Ftags&post=11631"}],"curies":[{"name":"wp","href":"https:\/\/api.w.org\/{rel}","templated":true}]}}