{"id":11639,"date":"2024-09-28T20:42:41","date_gmt":"2024-09-28T20:42:41","guid":{"rendered":"https:\/\/ladepeche.mr\/?p=11639"},"modified":"2024-09-28T20:42:41","modified_gmt":"2024-09-28T20:42:41","slug":"la-tunisie-et-la-mauritanie-etablissent-de-nouvelles-perspectives","status":"publish","type":"post","link":"https:\/\/ladepeche.mr\/?p=11639","title":{"rendered":"La Tunisie et la Mauritanie \u00e9tablissent de nouvelles perspectives"},"content":{"rendered":"<p>Dans le cadre de sa participation \u00e0 la session de haut niveau de la 79e Assembl\u00e9e g\u00e9n\u00e9rale des Nations Unies, Mohamed Ali Nafti, ministre des Affaires \u00e9trang\u00e8res, a rencontr\u00e9, le vendredi 27 septembre 2024, Mohamed Salem Ould Merzoug, ministre des Affaires \u00e9trang\u00e8res, de la Coop\u00e9ration et des Mauritaniens de l&#8217;\u00c9tranger de la R\u00e9publique islamique de Mauritanie.<\/p>\n<p>Lors de cette rencontre, les deux ministres ont salu\u00e9 les relations historiques et exceptionnelles entre leurs deux pays fr\u00e8res. Ils ont \u00e9galement exprim\u00e9 leur satisfaction quant \u00e0 la convergence de leurs visions et points de vue, notamment sur la question palestinienne.<\/p>\n<p>Ils ont convenu de renforcer davantage les relations de coop\u00e9ration bilat\u00e9rale en organisant, dans les meilleurs d\u00e9lais, la commission mixte tuniso-mauritanienne. Par ailleurs, ils ont soulign\u00e9 l&#8217;importance d&#8217;enrichir les liens de coop\u00e9ration dans les domaines du tourisme, de la formation professionnelle et de la p\u00eache maritime.<\/p>\n<p>https:\/\/www.tuniscope.com<\/p>\n","protected":false},"excerpt":{"rendered":"<p>Dans le cadre de sa participation \u00e0 la session de haut niveau de la 79e Assembl\u00e9e g\u00e9n\u00e9rale des Nations Unies, Mohamed Ali Nafti, ministre des Affaires \u00e9trang\u00e8res, a rencontr\u00e9, le vendredi 27 septembre 2024, Mohamed Salem Ould Merzoug, ministre des Affaires \u00e9trang\u00e8res, de la Coop\u00e9ration et des Mauritaniens de l&#8217;\u00c9tranger de la R\u00e9publique islamique de &hellip;<\/p>\n","protected":false},"author":2,"featured_media":11640,"comment_status":"open","ping_status":"open","sticky":false,"template":"","format":"standard","meta":{"footnotes":""},"categories":[18,2,29],"tags":[],"class_list":["post-11639","post","type-post","status-publish","format-standard","has-post-thumbnail","hentry","category-actualites","category-economie","category-monde"],"_links":{"self":[{"href":"https:\/\/ladepeche.mr\/index.php?rest_route=\/wp\/v2\/posts\/11639","targetHints":{"allow":["GET"]}}],"collection":[{"href":"https:\/\/ladepeche.mr\/index.php?rest_route=\/wp\/v2\/posts"}],"about":[{"href":"https:\/\/ladepeche.mr\/index.php?rest_route=\/wp\/v2\/types\/post"}],"author":[{"embeddable":true,"href":"https:\/\/ladepeche.mr\/index.php?rest_route=\/wp\/v2\/users\/2"}],"replies":[{"embeddable":true,"href":"https:\/\/ladepeche.mr\/index.php?rest_route=%2Fwp%2Fv2%2Fcomments&post=11639"}],"version-history":[{"count":1,"href":"https:\/\/ladepeche.mr\/index.php?rest_route=\/wp\/v2\/posts\/11639\/revisions"}],"predecessor-version":[{"id":11641,"href":"https:\/\/ladepeche.mr\/index.php?rest_route=\/wp\/v2\/posts\/11639\/revisions\/11641"}],"wp:featuredmedia":[{"embeddable":true,"href":"https:\/\/ladepeche.mr\/index.php?rest_route=\/wp\/v2\/media\/11640"}],"wp:attachment":[{"href":"https:\/\/ladepeche.mr\/index.php?rest_route=%2Fwp%2Fv2%2Fmedia&parent=11639"}],"wp:term":[{"taxonomy":"category","embeddable":true,"href":"https:\/\/ladepeche.mr\/index.php?rest_route=%2Fwp%2Fv2%2Fcategories&post=11639"},{"taxonomy":"post_tag","embeddable":true,"href":"https:\/\/ladepeche.mr\/index.php?rest_route=%2Fwp%2Fv2%2Ftags&post=11639"}],"curies":[{"name":"wp","href":"https:\/\/api.w.org\/{rel}","templated":true}]}}