{"id":11642,"date":"2024-09-28T21:45:14","date_gmt":"2024-09-28T21:45:14","guid":{"rendered":"https:\/\/ladepeche.mr\/?p=11642"},"modified":"2024-09-28T20:47:43","modified_gmt":"2024-09-28T20:47:43","slug":"la-ministre-de-lenvironnement-recoit-une-delegation-du-fonds-monetaire-international","status":"publish","type":"post","link":"https:\/\/ladepeche.mr\/?p=11642","title":{"rendered":"La ministre de l\u2019environnement re\u00e7oit une d\u00e9l\u00e9gation du Fonds mon\u00e9taire international"},"content":{"rendered":"<article id=\"post-255186\" class=\"post-255186 post type-post status-publish format-standard has-post-thumbnail  category-autres category-fil-dactualite category-mauritanie category-slider-mauritanie single-post-content has-thumbnail\">\n<div class=\"entry-content clearfix single-post-content\">\n<p>La ministre de l\u2019environnement et du d\u00e9veloppement durable, Mme Messouda Mint Baham Ould Mohamed Laghdaf, a re\u00e7u vendredi soir \u00e0 son bureau \u00e0 Nouakchott, une d\u00e9l\u00e9gation du Fonds mon\u00e9taire international (FMI), conduite par M. Gecko Meza Boyo, chef adjoint du d\u00e9partement des politiques climatiques du FMI.<\/p>\n<p>Cette rencontre s\u2019inscrit dans le cadre de la mission d\u2019appui technique du FMI visant \u00e0 soutenir la mise en \u0153uvre du Fonds fiduciaire pour la r\u00e9silience et la durabilit\u00e9 (FFRD), auquel la Mauritanie a \u00e9t\u00e9 d\u00e9clar\u00e9e \u00e9ligible.<\/p>\n<p>La r\u00e9union a examin\u00e9 la restructuration du programme du Fonds de r\u00e9silience et de durabilit\u00e9 lanc\u00e9 par le gouvernement mauritanien pour renforcer la r\u00e9silience du pays face aux d\u00e9fis climatiques et am\u00e9liorer la gestion durable des ressources naturelles, en plus de passer en revue les efforts entrepris par le minist\u00e8re de l\u2019Environnement et du D\u00e9veloppement durable pour mettre en \u0153uvre le programme \u00ab Mon ambition pour la patrie \u00bb de Son Excellence le Pr\u00e9sident de la R\u00e9publique, Mohamed Ould Cheikh El Ghazouani, dans le domaine de la pr\u00e9servation de l\u2019environnement et du d\u00e9veloppement durable.<\/p>\n<p>La r\u00e9union s\u2019est d\u00e9roul\u00e9e en pr\u00e9sence du Directeur adjoint de l\u2019Agence Nationale de la Grande Muraille Verte, M. Ahmed Ould Zein.<\/p>\n<div class=\"heateorSssClear\">Ami<\/div>\n<\/div>\n<\/article>\n","protected":false},"excerpt":{"rendered":"<p>La ministre de l\u2019environnement et du d\u00e9veloppement durable, Mme Messouda Mint Baham Ould Mohamed Laghdaf, a re\u00e7u vendredi soir \u00e0 son bureau \u00e0 Nouakchott, une d\u00e9l\u00e9gation du Fonds mon\u00e9taire international (FMI), conduite par M. Gecko Meza Boyo, chef adjoint du d\u00e9partement des politiques climatiques du FMI. Cette rencontre s\u2019inscrit dans le cadre de la mission &hellip;<\/p>\n","protected":false},"author":2,"featured_media":11643,"comment_status":"open","ping_status":"open","sticky":false,"template":"","format":"standard","meta":{"footnotes":""},"categories":[18,21],"tags":[],"class_list":["post-11642","post","type-post","status-publish","format-standard","has-post-thumbnail","hentry","category-actualites","category-fluctuations"],"_links":{"self":[{"href":"https:\/\/ladepeche.mr\/index.php?rest_route=\/wp\/v2\/posts\/11642","targetHints":{"allow":["GET"]}}],"collection":[{"href":"https:\/\/ladepeche.mr\/index.php?rest_route=\/wp\/v2\/posts"}],"about":[{"href":"https:\/\/ladepeche.mr\/index.php?rest_route=\/wp\/v2\/types\/post"}],"author":[{"embeddable":true,"href":"https:\/\/ladepeche.mr\/index.php?rest_route=\/wp\/v2\/users\/2"}],"replies":[{"embeddable":true,"href":"https:\/\/ladepeche.mr\/index.php?rest_route=%2Fwp%2Fv2%2Fcomments&post=11642"}],"version-history":[{"count":1,"href":"https:\/\/ladepeche.mr\/index.php?rest_route=\/wp\/v2\/posts\/11642\/revisions"}],"predecessor-version":[{"id":11644,"href":"https:\/\/ladepeche.mr\/index.php?rest_route=\/wp\/v2\/posts\/11642\/revisions\/11644"}],"wp:featuredmedia":[{"embeddable":true,"href":"https:\/\/ladepeche.mr\/index.php?rest_route=\/wp\/v2\/media\/11643"}],"wp:attachment":[{"href":"https:\/\/ladepeche.mr\/index.php?rest_route=%2Fwp%2Fv2%2Fmedia&parent=11642"}],"wp:term":[{"taxonomy":"category","embeddable":true,"href":"https:\/\/ladepeche.mr\/index.php?rest_route=%2Fwp%2Fv2%2Fcategories&post=11642"},{"taxonomy":"post_tag","embeddable":true,"href":"https:\/\/ladepeche.mr\/index.php?rest_route=%2Fwp%2Fv2%2Ftags&post=11642"}],"curies":[{"name":"wp","href":"https:\/\/api.w.org\/{rel}","templated":true}]}}