{"id":11646,"date":"2024-09-29T00:35:44","date_gmt":"2024-09-29T00:35:44","guid":{"rendered":"https:\/\/ladepeche.mr\/?p=11646"},"modified":"2024-09-29T13:02:57","modified_gmt":"2024-09-29T13:02:57","slug":"reactions-a-lssassinat-de-nasrallah-entre-coleres-compassions-et-arrestations","status":"publish","type":"post","link":"https:\/\/ladepeche.mr\/?p=11646","title":{"rendered":"R\u00e9actions \u00e0 l&#8217;assassinat de H. Nasrallah : Entre col\u00e8res, compassions et arrestations"},"content":{"rendered":"<p>L\u2019annonce samedi de la mort du secr\u00e9taire g\u00e9n\u00e9ral du Hezbollah, feu Hassan Nasrallah, dans des attaques isra\u00e9liennes vendredi dans la banlieue sud de Beyrouth, a \u00e9t\u00e9 suivie en Mauritanie d\u2019une s\u00e9rie de manifestations hostiles \u00e0 Isra\u00e9l mais aussi aux Etats-Unis per\u00e7us comme le mentor de l\u2019Etat h\u00e9breu dans ses crimes contre le monde arabe et musulman.<\/p>\n<p>Trois jeunes \u00e9tudiants au moins ont \u00e9t\u00e9 arr\u00eat\u00e9s, dans ce cadre, par la police \u00e0 Nouakchott dans une manifestation devant l\u2019ambassade des Etats-Unis d\u2019Am\u00e9rique. Les \u00e9tudiants qui scandaient des slogans contre les USA ont \u00e9t\u00e9 violemment dispers\u00e9s par la police.<\/p>\n<p>&nbsp;<\/p>\n<p>Le parti Rassemblement national pour la r\u00e9forme et le d\u00e9veloppement (Tawasul) a exprim\u00e9 sa compassion aux autorit\u00e9s et au Peuple Libanais suite \u00e0 l\u2019assassinat du \u00ab\u00a0guide h\u00e9ro\u00efque leader et secr\u00e9taire g\u00e9n\u00e9ral du Hezbollah, Hassan Nasrallah\u00a0\u00bb.<\/p>\n<p>Dans un communiqu\u00e9, le parti a qualifi\u00e9 l&#8217;assassinat de Hassan Nasrallah \u00ab\u00a0de tra\u00eetrise\u00a0\u00bb, saluant le refus du d\u00e9funt SG du Hezbollah de se d\u00e9sengager de sa solidarit\u00e9 avec les populations de Gaza, victime d\u2019un g\u00e9nocide isra\u00e9lien, avec la b\u00e9n\u00e9diction de certains pays occidentaux.<\/p>\n<p>Le Parti mauritanien de l&#8217;union et du changement (Hatem) a quant \u00e0 lui condamn\u00e9 l&#8217;assassinat du secr\u00e9taire g\u00e9n\u00e9ral du Hezbollah, Hassan Nasrallah, et de ses coll\u00e8gues dirigeants, exprimant sa solidarit\u00e9 avec le parti du Hozballah qualifiant le d\u00e9c\u00e8s de Nasrallah comme celui\u00a0 d&#8217;un \u00ab\u00a0des dirigeants les plus importants dans la bataille pour la lib\u00e9ration de la Palestine et de J\u00e9rusalem\u00a0; un combattant acharn\u00e9 dans la bataille de l&#8217;honneur pour la v\u00e9rit\u00e9, la libert\u00e9 et la dignit\u00e9\u00a0\u00bb.<\/p>\n<p>En outre, un autre parti, celui de l&#8217;unit\u00e9 et du d\u00e9veloppement a pr\u00e9sent\u00e9 ses condol\u00e9ances suite \u00e0 l\u2019assassinat du leader du Hezboillah, Hassan Nasrallah, et plusieurs cadres de son mouvement. Le parti a condamn\u00e9 ce qu&#8217;il a qualifi\u00e9 l\u2019assassinat \u00ab\u00a0 d\u2019 acte barbare, criminel et terroriste\u00a0\u00bb indiquant que \u00ab\u00a0ce crime n&#8217;affectera pas la r\u00e9sistance libano-palestinienne au sionisme, mais qu\u2019il unifiera ses rangs\u00a0\u00bb.<\/p>\n<p>Le parti a affirm\u00e9 que le martyre de Nasrallah contribuera \u00ab\u00a0\u00e0 la chute de l\u2019entit\u00e9 sioniste dans son arrogance, sa brutalit\u00e9, sa barbarie et son manque de respect pour les lois internationales&#8230;\u00a0\u00bb<\/p>\n","protected":false},"excerpt":{"rendered":"<p>L\u2019annonce samedi de la mort du secr\u00e9taire g\u00e9n\u00e9ral du Hezbollah, feu Hassan Nasrallah, dans des attaques isra\u00e9liennes vendredi dans la banlieue sud de Beyrouth, a \u00e9t\u00e9 suivie en Mauritanie d\u2019une s\u00e9rie de manifestations hostiles \u00e0 Isra\u00e9l mais aussi aux Etats-Unis per\u00e7us comme le mentor de l\u2019Etat h\u00e9breu dans ses crimes contre le monde arabe et &hellip;<\/p>\n","protected":false},"author":2,"featured_media":11647,"comment_status":"open","ping_status":"open","sticky":false,"template":"","format":"standard","meta":{"footnotes":""},"categories":[18,29],"tags":[],"class_list":["post-11646","post","type-post","status-publish","format-standard","has-post-thumbnail","hentry","category-actualites","category-monde"],"_links":{"self":[{"href":"https:\/\/ladepeche.mr\/index.php?rest_route=\/wp\/v2\/posts\/11646","targetHints":{"allow":["GET"]}}],"collection":[{"href":"https:\/\/ladepeche.mr\/index.php?rest_route=\/wp\/v2\/posts"}],"about":[{"href":"https:\/\/ladepeche.mr\/index.php?rest_route=\/wp\/v2\/types\/post"}],"author":[{"embeddable":true,"href":"https:\/\/ladepeche.mr\/index.php?rest_route=\/wp\/v2\/users\/2"}],"replies":[{"embeddable":true,"href":"https:\/\/ladepeche.mr\/index.php?rest_route=%2Fwp%2Fv2%2Fcomments&post=11646"}],"version-history":[{"count":3,"href":"https:\/\/ladepeche.mr\/index.php?rest_route=\/wp\/v2\/posts\/11646\/revisions"}],"predecessor-version":[{"id":11650,"href":"https:\/\/ladepeche.mr\/index.php?rest_route=\/wp\/v2\/posts\/11646\/revisions\/11650"}],"wp:featuredmedia":[{"embeddable":true,"href":"https:\/\/ladepeche.mr\/index.php?rest_route=\/wp\/v2\/media\/11647"}],"wp:attachment":[{"href":"https:\/\/ladepeche.mr\/index.php?rest_route=%2Fwp%2Fv2%2Fmedia&parent=11646"}],"wp:term":[{"taxonomy":"category","embeddable":true,"href":"https:\/\/ladepeche.mr\/index.php?rest_route=%2Fwp%2Fv2%2Fcategories&post=11646"},{"taxonomy":"post_tag","embeddable":true,"href":"https:\/\/ladepeche.mr\/index.php?rest_route=%2Fwp%2Fv2%2Ftags&post=11646"}],"curies":[{"name":"wp","href":"https:\/\/api.w.org\/{rel}","templated":true}]}}