{"id":11654,"date":"2024-09-29T20:00:47","date_gmt":"2024-09-29T20:00:47","guid":{"rendered":"https:\/\/ladepeche.mr\/?p=11654"},"modified":"2024-09-29T15:15:12","modified_gmt":"2024-09-29T15:15:12","slug":"communique-de-presse-la-secretaire-generale-de-locn-salue-le-pacte-numerique-mondial-au-sommet-de-lavenir","status":"publish","type":"post","link":"https:\/\/ladepeche.mr\/?p=11654","title":{"rendered":"Communiqu\u00e9 de Presse: La Secr\u00e9taire g\u00e9n\u00e9rale de l&#8217;OCN salue le Pacte num\u00e9rique mondial au Sommet de l&#8217;avenir"},"content":{"rendered":"<p><strong><em>New York, \u00c9tats-Unis, 26 septembre 2024<\/em><\/strong> : Dans un discours prononc\u00e9 lors du Sommet de l&#8217;avenir organis\u00e9 dans le cadre de la 79\u00e8me Assembl\u00e9e g\u00e9n\u00e9rale des Nations Unies (AGNU79) \u00e0 New York, Deemah AlYahya, Secr\u00e9taire g\u00e9n\u00e9rale de l&#8217;Organisation de coop\u00e9ration num\u00e9rique (OCN), a d\u00e9clar\u00e9 que \u00ab\u00a0le foss\u00e9 num\u00e9rique auquel le monde est confront\u00e9 aujourd&#8217;hui est multidimensionnel, englobant les disparit\u00e9s en mati\u00e8re d&#8217;intelligence num\u00e9rique, entre les capacit\u00e9s informatiques, les sexes et les comp\u00e9tences\u00a0\u00bb.<\/p>\n<p>Dans son discours, prononc\u00e9 apr\u00e8s l&#8217;adoption du \u00ab\u00a0Pacte pour l&#8217;avenir\u00a0\u00bb et du \u00ab\u00a0Pacte Num\u00e9rique Mondial\u00a0\u00bb par l&#8217;Assembl\u00e9e g\u00e9n\u00e9rale des Nations Unies, AlYahya a averti que \u00ab\u00a0le foss\u00e9 en mati\u00e8re d&#8217;IA et d&#8217;informatique repr\u00e9sente un obstacle majeur, \u00e9tant donn\u00e9 que certains pays progressent rapidement vers l&#8217;innovation et le d\u00e9ploiement de l&#8217;IA, tandis que d&#8217;autres peinent \u00e0 suivre le rythme.<\/p>\n<p>Entretemps, le foss\u00e9 num\u00e9rique entre les sexes continue de limiter l&#8217;acc\u00e8s des femmes \u00e0 la technologie et aux opportunit\u00e9s, et le foss\u00e9 en mati\u00e8re de comp\u00e9tences laisse beaucoup de personnes sans les comp\u00e9tences num\u00e9riques essentielles qui leur permettent de r\u00e9ussir dans une \u00e9conomie en \u00e9volution rapide. Si nous ne relevons pas ces d\u00e9fis interconnect\u00e9s, nous risquons de laisser des communaut\u00e9s enti\u00e8res derri\u00e8re nous.\u00a0\u00bb<\/p>\n<p>AlYahya a salu\u00e9 le Pacte Num\u00e9rique Mondial visant \u00e0 \u00ab\u00a0d\u00e9finir une feuille de route ambitieuse pour un avenir num\u00e9rique inclusif, ouvert, durable, juste, s\u00fbr et s\u00e9curis\u00e9 pour tous\u00a0\u00bb, soulignant qu\u2019\u00ab\u00a0il s&#8217;agit d&#8217;une vision audacieuse, mais le v\u00e9ritable d\u00e9fi consiste \u00e0 traduire ces buts, principes, objectifs et engagements en actions, surtout que nous nous effor\u00e7ons de r\u00e9aliser les ODDs\u00a0\u00bb.<\/p>\n<p>AlYahya a soulign\u00e9 que \u00ab\u00a0lors du Sommet de l&#8217;avenir, l&#8217;OCN a lanc\u00e9 fi\u00e8rement le Navigateur de l&#8217;\u00e9conomie num\u00e9rique (DEN), un outil innovant qui fournit des informations d\u00e9taill\u00e9es sur la performance de l&#8217;\u00e9conomie num\u00e9rique dans 50 pays. Cette initiative n&#8217;est qu&#8217;un exemple parmi tant d&#8217;autres de la mani\u00e8re dont nous mettons en pratique les principes du Pacte Num\u00e9rique Mondial\u00a0\u00bb.<\/p>\n<p>Elle a expliqu\u00e9 que \u00ab\u00a0si le DEN est une ressource vitale, il ne repr\u00e9sente que le d\u00e9but. Dans l&#8217;esprit d&#8217;un multilat\u00e9ralisme en r\u00e9seau, nous devons encourager le d\u00e9ploiement d\u2019efforts collectifs pour atteindre les objectifs, les principes et les engagements ambitieux du PNM. J&#8217;appelle chaque pays, chaque organisation et chaque individu \u00e0 unir leurs forces pour se lancer dans cet effort crucial\u00a0\u00bb.<\/p>\n<p>Le Navigateur de l&#8217;\u00e9conomie num\u00e9rique \u00e9value l&#8217;\u00e9conomie num\u00e9rique \u00e0 travers le prisme de trois dimensions qui s&#8217;entrecroisent : les catalyseurs num\u00e9riques, les entreprises num\u00e9riques et la soci\u00e9t\u00e9 num\u00e9rique. Au sein de ces trois dimensions, 10 piliers synth\u00e9tisent et r\u00e9sument les aspects cl\u00e9s de l&#8217;\u00e9conomie num\u00e9rique des pays et de l&#8217;utilisation des applications technologiques num\u00e9riques \u00e0 partir de 102 indicateurs recueillis aupr\u00e8s de sources de donn\u00e9es secondaires r\u00e9put\u00e9es, ainsi que des donn\u00e9es provenant d&#8217;une enqu\u00eate exclusive men\u00e9e aupr\u00e8s de plus de 27 000 personnes dans les 50 pays.<\/p>\n<p>Outre le lancement du Navigateur de l&#8217;\u00e9conomie num\u00e9rique, l&#8217;OCN a sign\u00e9, en marge de l&#8217;AGNU, un accord avec le Programme des Nations Unies pour le d\u00e9veloppement (PNUD) visant \u00e0 renforcer la coop\u00e9ration num\u00e9rique et \u00e0 acc\u00e9l\u00e9rer la transformation num\u00e9rique dans le monde entier. Cet accord tient \u00e0 soutenir les efforts visant \u00e0 atteindre les Objectifs de d\u00e9veloppement durable des Nations Unies d&#8217;ici 2030.<\/p>\n<p>L\u2019Organisation de coop\u00e9ration num\u00e9rique a \u00e9galement sign\u00e9 un m\u00e9morandum d&#8217;entente avec la Ligue des \u00c9tats arabes (LEA) visant \u00e0 acc\u00e9l\u00e9rer l&#8217;\u00e9conomie num\u00e9rique inclusive et durable, \u00e0 renforcer les relations et \u00e0 \u00e9changer des exp\u00e9riences et des connaissances, ainsi qu&#8217;\u00e0 acc\u00e9l\u00e9rer le processus de transformation num\u00e9rique et de d\u00e9veloppement \u00e9conomique.<\/p>\n<p>Pour consulter le discours complet, veuillez visiter le lien suivant : <a href=\"https:\/\/youtu.be\/gSwxP4ZTdeI\">https:\/\/youtu.be\/gSwxP4ZTdeI<\/a><\/p>\n<p>Pour plus d&#8217;informations sur l\u2019OCN, veuillez consulter les liens suivants\u00a0:<\/p>\n<ul>\n<li><a href=\"http:\/\/www.DCO.org\">DCO.org<\/a><\/li>\n<li><a href=\"http:\/\/www.twitter.com\/DCOrg\">twitter.com\/DCOrg<\/a><\/li>\n<li><a href=\"http:\/\/www.linkedin.com\/company\/DCOrg\">linkedin.com\/company\/DCOrg<\/a><\/li>\n<\/ul>\n<p>&nbsp;<\/p>\n<p>Le texte du communiqu\u00e9 issu d\u2019une traduction ne doit d\u2019aucune mani\u00e8re \u00eatre consid\u00e9r\u00e9 comme officiel. La seule version du communiqu\u00e9 qui fasse foi est celle du communiqu\u00e9 dans sa langue d\u2019origine. La traduction devra toujours \u00eatre confront\u00e9e au texte source, qui fera jurisprudence.<\/p>\n<p>&nbsp;<\/p>\n<p><strong>Source: <a href=\"https:\/\/www.aetoswire.com\/en\/news\/2509202441720\">AETOSWire<\/a><\/strong><\/p>\n","protected":false},"excerpt":{"rendered":"<p>New York, \u00c9tats-Unis, 26 septembre 2024 : Dans un discours prononc\u00e9 lors du Sommet de l&#8217;avenir organis\u00e9 dans le cadre de la 79\u00e8me Assembl\u00e9e g\u00e9n\u00e9rale des Nations Unies (AGNU79) \u00e0 New York, Deemah AlYahya, Secr\u00e9taire g\u00e9n\u00e9rale de l&#8217;Organisation de coop\u00e9ration num\u00e9rique (OCN), a d\u00e9clar\u00e9 que \u00ab\u00a0le foss\u00e9 num\u00e9rique auquel le monde est confront\u00e9 aujourd&#8217;hui est &hellip;<\/p>\n","protected":false},"author":2,"featured_media":11655,"comment_status":"open","ping_status":"open","sticky":false,"template":"","format":"standard","meta":{"footnotes":""},"categories":[18,19],"tags":[],"class_list":["post-11654","post","type-post","status-publish","format-standard","has-post-thumbnail","hentry","category-actualites","category-tribune"],"_links":{"self":[{"href":"https:\/\/ladepeche.mr\/index.php?rest_route=\/wp\/v2\/posts\/11654","targetHints":{"allow":["GET"]}}],"collection":[{"href":"https:\/\/ladepeche.mr\/index.php?rest_route=\/wp\/v2\/posts"}],"about":[{"href":"https:\/\/ladepeche.mr\/index.php?rest_route=\/wp\/v2\/types\/post"}],"author":[{"embeddable":true,"href":"https:\/\/ladepeche.mr\/index.php?rest_route=\/wp\/v2\/users\/2"}],"replies":[{"embeddable":true,"href":"https:\/\/ladepeche.mr\/index.php?rest_route=%2Fwp%2Fv2%2Fcomments&post=11654"}],"version-history":[{"count":1,"href":"https:\/\/ladepeche.mr\/index.php?rest_route=\/wp\/v2\/posts\/11654\/revisions"}],"predecessor-version":[{"id":11656,"href":"https:\/\/ladepeche.mr\/index.php?rest_route=\/wp\/v2\/posts\/11654\/revisions\/11656"}],"wp:featuredmedia":[{"embeddable":true,"href":"https:\/\/ladepeche.mr\/index.php?rest_route=\/wp\/v2\/media\/11655"}],"wp:attachment":[{"href":"https:\/\/ladepeche.mr\/index.php?rest_route=%2Fwp%2Fv2%2Fmedia&parent=11654"}],"wp:term":[{"taxonomy":"category","embeddable":true,"href":"https:\/\/ladepeche.mr\/index.php?rest_route=%2Fwp%2Fv2%2Fcategories&post=11654"},{"taxonomy":"post_tag","embeddable":true,"href":"https:\/\/ladepeche.mr\/index.php?rest_route=%2Fwp%2Fv2%2Ftags&post=11654"}],"curies":[{"name":"wp","href":"https:\/\/api.w.org\/{rel}","templated":true}]}}