{"id":11660,"date":"2024-09-30T21:18:45","date_gmt":"2024-09-30T21:18:45","guid":{"rendered":"https:\/\/ladepeche.mr\/?p=11660"},"modified":"2024-09-30T21:19:23","modified_gmt":"2024-09-30T21:19:23","slug":"le-president-de-la-republique-recoit-le-president-et-les-membres-de-la-commission-electorale-independante","status":"publish","type":"post","link":"https:\/\/ladepeche.mr\/?p=11660","title":{"rendered":"Le Pr\u00e9sident de la R\u00e9publique re\u00e7oit le Pr\u00e9sident et les membres de la Commission \u00e9lectorale ind\u00e9pendante"},"content":{"rendered":"<p>Son Excellence le Pr\u00e9sident de la R\u00e9publique, M. Mohamed Ould Cheikh El-Ghazouani, a re\u00e7u, lundi apr\u00e8s-midi, au Palais pr\u00e9sidentiel, le Pr\u00e9sident et les membres de la Commission \u00c9lectorale Nationale Ind\u00e9pendante (CENI).<\/p>\n<p>S.E. le Pr\u00e9sident de la R\u00e9publique a re\u00e7u du Pr\u00e9sident de la Commission, Dah Ould Abdel Jalil, un rapport d\u00e9taill\u00e9 sur les \u00e9lections pr\u00e9sidentielles de juin 2024, dont la loi exige l\u2019\u00e9laboration trois mois apr\u00e8s l\u2019organisation de chaque \u00e9v\u00e9nement \u00e9lectoral.<\/p>\n<p>A l\u2019issue de la r\u00e9union, le pr\u00e9sident de la Commission a fait une d\u00e9claration \u00e0 l\u2019Agence mauritanienne d\u2019information, dans laquelle il a remerci\u00e9 S.E. le Pr\u00e9sident de la R\u00e9publique pour l\u2019accueil chaleureux, soulignant que l\u2019audience a \u00e9t\u00e9 consacr\u00e9e \u00e0 la remise d\u2019un rapport complet sur le d\u00e9roulement des derni\u00e8res \u00e9lections, et a exprim\u00e9 sa satisfaction de l\u2019\u00e9valuation positive du travail de la Commission.<\/p>\n<p>La r\u00e9union s\u2019est d\u00e9roul\u00e9e en pr\u00e9sence de S.E. M. Nani Ould Chrougha, Ministre charg\u00e9 du Cabinet du Pr\u00e9sident de la R\u00e9publique, de S.E. M. Mohamed Ahmed Ould Mohamed Lemine, Ministre de l\u2019Int\u00e9rieur, de la Promotion de la D\u00e9centralisation et du D\u00e9veloppement local, et de M. Sidi Mohamed Kaber, Charg\u00e9 de mission \u00e0 la Pr\u00e9sidence de la R\u00e9publique, Mme A\u00efsta Daouda Diallo, Conseill\u00e8re \u00e0 la Pr\u00e9sidence de la R\u00e9publique ; et M. Ahmadou Edey Mohamed Radhi, Conseiller \u00e0 la Pr\u00e9sidence de la R\u00e9publique.<\/p>\n<p>Ami<\/p>\n","protected":false},"excerpt":{"rendered":"<p>Son Excellence le Pr\u00e9sident de la R\u00e9publique, M. Mohamed Ould Cheikh El-Ghazouani, a re\u00e7u, lundi apr\u00e8s-midi, au Palais pr\u00e9sidentiel, le Pr\u00e9sident et les membres de la Commission \u00c9lectorale Nationale Ind\u00e9pendante (CENI). S.E. le Pr\u00e9sident de la R\u00e9publique a re\u00e7u du Pr\u00e9sident de la Commission, Dah Ould Abdel Jalil, un rapport d\u00e9taill\u00e9 sur les \u00e9lections pr\u00e9sidentielles &hellip;<\/p>\n","protected":false},"author":2,"featured_media":11658,"comment_status":"open","ping_status":"open","sticky":false,"template":"","format":"standard","meta":{"footnotes":""},"categories":[18,31],"tags":[],"class_list":["post-11660","post","type-post","status-publish","format-standard","has-post-thumbnail","hentry","category-actualites","category-politique-et-reportages"],"_links":{"self":[{"href":"https:\/\/ladepeche.mr\/index.php?rest_route=\/wp\/v2\/posts\/11660","targetHints":{"allow":["GET"]}}],"collection":[{"href":"https:\/\/ladepeche.mr\/index.php?rest_route=\/wp\/v2\/posts"}],"about":[{"href":"https:\/\/ladepeche.mr\/index.php?rest_route=\/wp\/v2\/types\/post"}],"author":[{"embeddable":true,"href":"https:\/\/ladepeche.mr\/index.php?rest_route=\/wp\/v2\/users\/2"}],"replies":[{"embeddable":true,"href":"https:\/\/ladepeche.mr\/index.php?rest_route=%2Fwp%2Fv2%2Fcomments&post=11660"}],"version-history":[{"count":1,"href":"https:\/\/ladepeche.mr\/index.php?rest_route=\/wp\/v2\/posts\/11660\/revisions"}],"predecessor-version":[{"id":11661,"href":"https:\/\/ladepeche.mr\/index.php?rest_route=\/wp\/v2\/posts\/11660\/revisions\/11661"}],"wp:featuredmedia":[{"embeddable":true,"href":"https:\/\/ladepeche.mr\/index.php?rest_route=\/wp\/v2\/media\/11658"}],"wp:attachment":[{"href":"https:\/\/ladepeche.mr\/index.php?rest_route=%2Fwp%2Fv2%2Fmedia&parent=11660"}],"wp:term":[{"taxonomy":"category","embeddable":true,"href":"https:\/\/ladepeche.mr\/index.php?rest_route=%2Fwp%2Fv2%2Fcategories&post=11660"},{"taxonomy":"post_tag","embeddable":true,"href":"https:\/\/ladepeche.mr\/index.php?rest_route=%2Fwp%2Fv2%2Ftags&post=11660"}],"curies":[{"name":"wp","href":"https:\/\/api.w.org\/{rel}","templated":true}]}}