{"id":11665,"date":"2024-09-30T21:27:26","date_gmt":"2024-09-30T21:27:26","guid":{"rendered":"https:\/\/ladepeche.mr\/?p=11665"},"modified":"2024-09-30T21:27:26","modified_gmt":"2024-09-30T21:27:26","slug":"le-ministre-de-leconomie-et-des-finances-recoit-lambassadeur-de-lunion-europeenne-a-nouakchott","status":"publish","type":"post","link":"https:\/\/ladepeche.mr\/?p=11665","title":{"rendered":"Le ministre de l&#8217;\u00c9conomie et des Finances re\u00e7oit l&#8217;ambassadeur de l&#8217;Union europ\u00e9enne \u00e0 Nouakchott"},"content":{"rendered":"<p>Son Excellence le ministre de l&#8217;\u00c9conomie et des Finances, M. Sid&#8217;Ahmed Ould Bouh, a re\u00e7u en audience, lundi matin \u00e0 Nouakchott, SEM. Joaqu\u00edn TASSO Vilallonga, le nouvel ambassadeur de l&#8217;Union europ\u00e9enne accr\u00e9dit\u00e9 en Mauritanie.<\/p>\n<p>Au cours de la rencontre, les deux parties ont pass\u00e9 en revue les divers aspects de coop\u00e9ration entre la Mauritanie et l&#8217;Union europ\u00e9enne, ainsi que les moyens de les renforcer et de les d\u00e9velopper, notamment dans les domaines de l&#8217;\u00e9conomie et des finances.<\/p>\n<p>La r\u00e9union s\u2019est d\u00e9roul\u00e9e en pr\u00e9sence du directeur g\u00e9n\u00e9ral des financements et de la coop\u00e9ration \u00e9conomique, M. Mohamed Salem Ould Nani, et de son adjoint, Mahfoudh Ould Mahmoud Brahim.<\/p>\n","protected":false},"excerpt":{"rendered":"<p>Son Excellence le ministre de l&#8217;\u00c9conomie et des Finances, M. Sid&#8217;Ahmed Ould Bouh, a re\u00e7u en audience, lundi matin \u00e0 Nouakchott, SEM. Joaqu\u00edn TASSO Vilallonga, le nouvel ambassadeur de l&#8217;Union europ\u00e9enne accr\u00e9dit\u00e9 en Mauritanie. Au cours de la rencontre, les deux parties ont pass\u00e9 en revue les divers aspects de coop\u00e9ration entre la Mauritanie et &hellip;<\/p>\n","protected":false},"author":2,"featured_media":11666,"comment_status":"open","ping_status":"open","sticky":false,"template":"","format":"standard","meta":{"footnotes":""},"categories":[18,2],"tags":[],"class_list":["post-11665","post","type-post","status-publish","format-standard","has-post-thumbnail","hentry","category-actualites","category-economie"],"_links":{"self":[{"href":"https:\/\/ladepeche.mr\/index.php?rest_route=\/wp\/v2\/posts\/11665","targetHints":{"allow":["GET"]}}],"collection":[{"href":"https:\/\/ladepeche.mr\/index.php?rest_route=\/wp\/v2\/posts"}],"about":[{"href":"https:\/\/ladepeche.mr\/index.php?rest_route=\/wp\/v2\/types\/post"}],"author":[{"embeddable":true,"href":"https:\/\/ladepeche.mr\/index.php?rest_route=\/wp\/v2\/users\/2"}],"replies":[{"embeddable":true,"href":"https:\/\/ladepeche.mr\/index.php?rest_route=%2Fwp%2Fv2%2Fcomments&post=11665"}],"version-history":[{"count":1,"href":"https:\/\/ladepeche.mr\/index.php?rest_route=\/wp\/v2\/posts\/11665\/revisions"}],"predecessor-version":[{"id":11667,"href":"https:\/\/ladepeche.mr\/index.php?rest_route=\/wp\/v2\/posts\/11665\/revisions\/11667"}],"wp:featuredmedia":[{"embeddable":true,"href":"https:\/\/ladepeche.mr\/index.php?rest_route=\/wp\/v2\/media\/11666"}],"wp:attachment":[{"href":"https:\/\/ladepeche.mr\/index.php?rest_route=%2Fwp%2Fv2%2Fmedia&parent=11665"}],"wp:term":[{"taxonomy":"category","embeddable":true,"href":"https:\/\/ladepeche.mr\/index.php?rest_route=%2Fwp%2Fv2%2Fcategories&post=11665"},{"taxonomy":"post_tag","embeddable":true,"href":"https:\/\/ladepeche.mr\/index.php?rest_route=%2Fwp%2Fv2%2Ftags&post=11665"}],"curies":[{"name":"wp","href":"https:\/\/api.w.org\/{rel}","templated":true}]}}