{"id":11668,"date":"2024-09-30T22:31:54","date_gmt":"2024-09-30T22:31:54","guid":{"rendered":"https:\/\/ladepeche.mr\/?p=11668"},"modified":"2024-09-30T22:30:57","modified_gmt":"2024-09-30T22:30:57","slug":"presentation-du-rapport-pays-2024-de-la-mauritanie-sur-la-transformation-economique-de-la-mauritanie-par-la-reforme-de-larchitecture-financiere-mondiale","status":"publish","type":"post","link":"https:\/\/ladepeche.mr\/?p=11668","title":{"rendered":"Pr\u00e9sentation du rapport pays 2024 de la Mauritanie sur la transformation \u00e9conomique de la Mauritanie par la r\u00e9forme de l\u2019architecture financi\u00e8re mondiale"},"content":{"rendered":"<p>Le minist\u00e8re de l\u2019Economie et des Finances a organis\u00e9, lundi \u00e0 Nouakchott, une r\u00e9union pour pr\u00e9senter le rapport pays Mauritanie 2024 sur la conduite de la transformation \u00e9conomique de la Mauritanie \u00e0 travers la r\u00e9forme de l\u2019architecture financi\u00e8re mondiale.<\/p>\n<p>S\u2019exprimant \u00e0 cette occasion, le conseiller \u00e9conomique du ministre de l\u2019Economie et des Finances, secr\u00e9taire g\u00e9n\u00e9ral par int\u00e9rim, M. Moustapha Sid Mohamed, a indiqu\u00e9 que le Rapport Pays 2024 de la Mauritanie sur la conduite de la transformation \u00e9conomique de la Mauritanie \u00e0 travers la r\u00e9forme de l\u2019architecture financi\u00e8re mondiale est un rapport de r\u00e9f\u00e9rence bien pr\u00e9par\u00e9, qui sera utilis\u00e9 pour \u00e9clairer la formulation des politiques \u00e9conomiques nationales.<\/p>\n<p>Il a soulign\u00e9 que les r\u00e9sultats \u00e9conomiques de la Mauritanie en 2023 \u00e9taient g\u00e9n\u00e9ralement positifs et que les ann\u00e9es \u00e0 venir ouvriront de nouvelles perspectives favorables, car le gouvernement doublera les investissements dans les infrastructures agricoles, les industries extractives, le gaz et l\u2019\u00e9nergie, mettant l\u2019accent sur les \u00e9nergies renouvelables et propres.<\/p>\n<p>De son c\u00f4t\u00e9, Mme Madeleine Blomberg, directrice g\u00e9n\u00e9rale adjointe de la BAD pour l\u2019Afrique du Nord, a d\u00e9clar\u00e9 que ce rapport est l\u2019une des publications phares de la BAD,<\/p>\n<p>pr\u00e9sentant une version nationale des perspectives \u00e9conomiques en Afrique 2024, publi\u00e9es en mai dernier lors des assembl\u00e9es annuelles du Groupe de la BAD \u00e0 Nairobi.<\/p>\n<p>Le rapport fournit une \u00e9valuation des performances macro\u00e9conomiques r\u00e9centes de la Mauritanie, ainsi que des perspectives \u00e0 moyen terme, et analyse les progr\u00e8s r\u00e9alis\u00e9s par le pays en termes de transformation structurelle. Il analyse, \u00e9galement, les principaux moteurs, obstacles et opportunit\u00e9s de transformation, avec un accent particulier sur la productivit\u00e9 sectorielle et l\u2019emploi.<\/p>\n<p>Ami<\/p>\n","protected":false},"excerpt":{"rendered":"<p>Le minist\u00e8re de l\u2019Economie et des Finances a organis\u00e9, lundi \u00e0 Nouakchott, une r\u00e9union pour pr\u00e9senter le rapport pays Mauritanie 2024 sur la conduite de la transformation \u00e9conomique de la Mauritanie \u00e0 travers la r\u00e9forme de l\u2019architecture financi\u00e8re mondiale. S\u2019exprimant \u00e0 cette occasion, le conseiller \u00e9conomique du ministre de l\u2019Economie et des Finances, secr\u00e9taire g\u00e9n\u00e9ral &hellip;<\/p>\n","protected":false},"author":2,"featured_media":11669,"comment_status":"open","ping_status":"open","sticky":false,"template":"","format":"standard","meta":{"footnotes":""},"categories":[1],"tags":[],"class_list":["post-11668","post","type-post","status-publish","format-standard","has-post-thumbnail","hentry","category-uncategorized"],"_links":{"self":[{"href":"https:\/\/ladepeche.mr\/index.php?rest_route=\/wp\/v2\/posts\/11668","targetHints":{"allow":["GET"]}}],"collection":[{"href":"https:\/\/ladepeche.mr\/index.php?rest_route=\/wp\/v2\/posts"}],"about":[{"href":"https:\/\/ladepeche.mr\/index.php?rest_route=\/wp\/v2\/types\/post"}],"author":[{"embeddable":true,"href":"https:\/\/ladepeche.mr\/index.php?rest_route=\/wp\/v2\/users\/2"}],"replies":[{"embeddable":true,"href":"https:\/\/ladepeche.mr\/index.php?rest_route=%2Fwp%2Fv2%2Fcomments&post=11668"}],"version-history":[{"count":1,"href":"https:\/\/ladepeche.mr\/index.php?rest_route=\/wp\/v2\/posts\/11668\/revisions"}],"predecessor-version":[{"id":11670,"href":"https:\/\/ladepeche.mr\/index.php?rest_route=\/wp\/v2\/posts\/11668\/revisions\/11670"}],"wp:featuredmedia":[{"embeddable":true,"href":"https:\/\/ladepeche.mr\/index.php?rest_route=\/wp\/v2\/media\/11669"}],"wp:attachment":[{"href":"https:\/\/ladepeche.mr\/index.php?rest_route=%2Fwp%2Fv2%2Fmedia&parent=11668"}],"wp:term":[{"taxonomy":"category","embeddable":true,"href":"https:\/\/ladepeche.mr\/index.php?rest_route=%2Fwp%2Fv2%2Fcategories&post=11668"},{"taxonomy":"post_tag","embeddable":true,"href":"https:\/\/ladepeche.mr\/index.php?rest_route=%2Fwp%2Fv2%2Ftags&post=11668"}],"curies":[{"name":"wp","href":"https:\/\/api.w.org\/{rel}","templated":true}]}}