{"id":11679,"date":"2024-09-30T23:31:54","date_gmt":"2024-09-30T23:31:54","guid":{"rendered":"https:\/\/ladepeche.mr\/?p=11679"},"modified":"2024-09-30T22:32:48","modified_gmt":"2024-09-30T22:32:48","slug":"presentation-du-rapport-pays-de-la-bad-sur-les-perspectives-de-leconomie-mauritanienne","status":"publish","type":"post","link":"https:\/\/ladepeche.mr\/?p=11679","title":{"rendered":"Pr\u00e9sentation du rapport pays de la BAD sur les perspectives de l&#8217;\u00e9conomie mauritanienne"},"content":{"rendered":"<p>Le Minist\u00e8re de l&#8217;\u00c9conomie et des Finances a abrit\u00e9, lundi, une r\u00e9union ax\u00e9e sur la pr\u00e9sentation du rapport pays 2024 sur les perspectives de l&#8217;\u00e9conomie mauritanienne, \u00e9labor\u00e9 en collaboration avec la Banque africaine de d\u00e9veloppement (BAD).<\/p>\n<p>Dans une allocution prononc\u00e9e au nom de Son Excellence le ministre de l&#8217;\u00c9conomie et des Finances, le conseiller \u00e9conomique au minist\u00e8re, Moustapha Ould Sidi Mohamed, a soulign\u00e9 que ce rapport, qui aborde la dynamique de la transformation \u00e9conomique en Mauritanie \u00e0 travers la r\u00e9forme de l&#8217;architecture financi\u00e8re mondiale, constitue une r\u00e9f\u00e9rence de qualit\u00e9, qui servira de base pour enrichir les politiques \u00e9conomiques nationales lors de leur formulation.<\/p>\n<p>Il a ajout\u00e9 que ce rapport fournit une \u00e9valuation pr\u00e9cise des besoins de financement et des secteurs prioritaires pour acc\u00e9l\u00e9rer la transformation structurelle de l&#8217;\u00e9conomie nationale. Il offre \u00e9galement des recommandations claires et pratiques concernant les r\u00e9formes et mesures \u00e0 entreprendre afin de garantir une exploitation optimale des r\u00e9formes du cadre financier international, compte tenu des besoins de financement li\u00e9s \u00e0 cette transformation.<\/p>\n<p>Le conseiller a \u00e9galement insist\u00e9 sur le fait que la promotion de la transformation \u00e9conomique est l&#8217;un des enjeux majeurs actuels de notre pays. Cela, dit-il, s&#8217;inscrit pleinement dans les ambitions nationales exprim\u00e9es par Son Excellence le Pr\u00e9sident de la R\u00e9publique, Monsieur Mohamed Ould Cheikh El Ghazouani, lors de son discours d&#8217;investiture le 2 ao\u00fbt 2024, r\u00e9it\u00e9r\u00e9es par le Premier ministre, M. Mokhtar Ould Diay, lors de la pr\u00e9sentation de la politique g\u00e9n\u00e9rale du gouvernement.<\/p>\n<p>Il a pr\u00e9cis\u00e9 que les axes prioritaires de l\u2019action gouvernementale pour les prochaines ann\u00e9es consistent \u00e0 engager un travail en profondeur sur la transformation structurelle de l\u2019\u00e9conomie, visant \u00e0 atteindre des taux de croissance \u00e9lev\u00e9s et durables, capables de g\u00e9n\u00e9rer des activit\u00e9s et des richesses suffisantes pour r\u00e9pondre \u00e0 la demande croissante en mati\u00e8re d\u2019emploi. Il s&#8217;agit \u00e9galement de mobiliser les ressources n\u00e9cessaires pour financer les programmes sociaux et les infrastructures indispensables \u00e0 la lutte contre la pauvret\u00e9 et la vuln\u00e9rabilit\u00e9, ainsi qu&#8217;\u00e0 la durabilit\u00e9 de la croissance.<\/p>\n<p>Par ailleurs, M. Ould Sidi Mohamed a soulign\u00e9 que le Groupe de la Banque africaine de d\u00e9veloppement est l&#8217;un des partenaires les plus importants de notre pays, \u00e9tant qu&#8217;il contribue activement \u00e0 la r\u00e9alisation de nos objectifs de d\u00e9veloppement. &#8220;Nous comptons sur son soutien aux efforts du gouvernement au cours des prochaines ann\u00e9es pour acc\u00e9l\u00e9rer le processus de transformation structurelle de l\u2019\u00e9conomie nationale&#8221;, a-t-il conclu.<\/p>\n<p>De son c\u00f4t\u00e9, Mme Malinne Blomberg, directrice g\u00e9n\u00e9rale adjointe du bureau Afrique du Nord \u00e0 la Banque africaine de d\u00e9veloppement, a d\u00e9clar\u00e9 que ce rapport constitue l\u2019un des principaux documents de la Banque africaine de d\u00e9veloppement. Il s&#8217;agit d&#8217;une version nationale du rapport continental sur les perspectives \u00e9conomiques de l&#8217;Afrique pour l\u2019ann\u00e9e 2024, rendu public en mai dernier lors des assembl\u00e9es annuelles du Groupe de la Banque \u00e0 Nairobi.<\/p>\n<p>Elle a ajout\u00e9 que le rapport \u00e9value les performances macro\u00e9conomiques r\u00e9centes de la Mauritanie, ainsi que les perspectives \u00e0 moyen terme, analyse les progr\u00e8s r\u00e9alis\u00e9s par le pays en mati\u00e8re de transformation structurelle, et fait le point \u00e9galement sur les principaux moteurs, obstacles et opportunit\u00e9s de la transformation, en mettant l&#8217;accent sur la productivit\u00e9 sectorielle et l&#8217;emploi<\/p>\n<p>La s\u00e9ance de pr\u00e9sentation du rapport a vu la participation de repr\u00e9sentants des secteurs gouvernementaux et des partenaires au d\u00e9veloppement de notre pays.<\/p>\n<p>MEF<\/p>\n","protected":false},"excerpt":{"rendered":"<p>Le Minist\u00e8re de l&#8217;\u00c9conomie et des Finances a abrit\u00e9, lundi, une r\u00e9union ax\u00e9e sur la pr\u00e9sentation du rapport pays 2024 sur les perspectives de l&#8217;\u00e9conomie mauritanienne, \u00e9labor\u00e9 en collaboration avec la Banque africaine de d\u00e9veloppement (BAD). Dans une allocution prononc\u00e9e au nom de Son Excellence le ministre de l&#8217;\u00c9conomie et des Finances, le conseiller \u00e9conomique &hellip;<\/p>\n","protected":false},"author":2,"featured_media":11663,"comment_status":"open","ping_status":"open","sticky":false,"template":"","format":"standard","meta":{"footnotes":""},"categories":[18],"tags":[],"class_list":["post-11679","post","type-post","status-publish","format-standard","has-post-thumbnail","hentry","category-actualites"],"_links":{"self":[{"href":"https:\/\/ladepeche.mr\/index.php?rest_route=\/wp\/v2\/posts\/11679","targetHints":{"allow":["GET"]}}],"collection":[{"href":"https:\/\/ladepeche.mr\/index.php?rest_route=\/wp\/v2\/posts"}],"about":[{"href":"https:\/\/ladepeche.mr\/index.php?rest_route=\/wp\/v2\/types\/post"}],"author":[{"embeddable":true,"href":"https:\/\/ladepeche.mr\/index.php?rest_route=\/wp\/v2\/users\/2"}],"replies":[{"embeddable":true,"href":"https:\/\/ladepeche.mr\/index.php?rest_route=%2Fwp%2Fv2%2Fcomments&post=11679"}],"version-history":[{"count":1,"href":"https:\/\/ladepeche.mr\/index.php?rest_route=\/wp\/v2\/posts\/11679\/revisions"}],"predecessor-version":[{"id":11680,"href":"https:\/\/ladepeche.mr\/index.php?rest_route=\/wp\/v2\/posts\/11679\/revisions\/11680"}],"wp:featuredmedia":[{"embeddable":true,"href":"https:\/\/ladepeche.mr\/index.php?rest_route=\/wp\/v2\/media\/11663"}],"wp:attachment":[{"href":"https:\/\/ladepeche.mr\/index.php?rest_route=%2Fwp%2Fv2%2Fmedia&parent=11679"}],"wp:term":[{"taxonomy":"category","embeddable":true,"href":"https:\/\/ladepeche.mr\/index.php?rest_route=%2Fwp%2Fv2%2Fcategories&post=11679"},{"taxonomy":"post_tag","embeddable":true,"href":"https:\/\/ladepeche.mr\/index.php?rest_route=%2Fwp%2Fv2%2Ftags&post=11679"}],"curies":[{"name":"wp","href":"https:\/\/api.w.org\/{rel}","templated":true}]}}