{"id":11681,"date":"2024-10-01T12:07:24","date_gmt":"2024-10-01T12:07:24","guid":{"rendered":"https:\/\/ladepeche.mr\/?p=11681"},"modified":"2024-10-01T12:07:24","modified_gmt":"2024-10-01T12:07:24","slug":"le-ministre-de-leconomie-et-des-finances-examine-les-dossiers-de-cooperation-avec-une-delegation-de-lafd","status":"publish","type":"post","link":"https:\/\/ladepeche.mr\/?p=11681","title":{"rendered":"Le ministre de l&#8217;\u00c9conomie et des Finances examine les dossiers de coop\u00e9ration avec une d\u00e9l\u00e9gation de l&#8217;AFD"},"content":{"rendered":"<p>Son Excellence le ministre de l&#8217;\u00c9conomie et des Finances, Sid&#8217;Ahmed Ould Bouh, a re\u00e7u en audience, lundi apr\u00e8s-midi en son bureau, une d\u00e9l\u00e9gation de l&#8217;Agence fran\u00e7aise de d\u00e9veloppement (AFD), en pr\u00e9sence de l&#8217;ambassadeur de France en Mauritanie, SEM. Alexandre Garcia.<\/p>\n<p>La d\u00e9l\u00e9gation est compos\u00e9e de M. Bruno Leclerc, directeur r\u00e9gional grand Sahel de l&#8217;AFD, accompagn\u00e9 de M. Benjamin Neumann, responsable de la cellule grand Sahel- d\u00e9partement Afrique de l&#8217;AFD, et de Mme Agn\u00e8s Perdreau, Responsable pays charg\u00e9e de la Mauritanie \u00e0 l&#8217;Agence.<\/p>\n<p>La rencontre a port\u00e9 sur les moyens de renforcer le portefeuille de financement que l&#8217;AFD met en \u0153uvre dans notre pays. Son Excellence le ministre a \u00e9galement pr\u00e9sent\u00e9 les orientations et les r\u00e9formes strat\u00e9giques mises en \u0153uvre par notre pays et l&#8217;importance d&#8217;un accompagnement de l&#8217;AFD \u00e0 notre pays dans cette \u00e9tape.<\/p>\n<p>\u00c9taient pr\u00e9sents \u00e0 la rencontre, Mme Fatma Mint Horma, Conseill\u00e8re charg\u00e9e du secteur priv\u00e9, et M. Mohamed Salem Ould Nani, directeur g\u00e9n\u00e9ral des financements et de la coop\u00e9ration \u00e9conomique au minist\u00e8re.<\/p>\n<p>Source MEF<\/p>\n","protected":false},"excerpt":{"rendered":"<p>Son Excellence le ministre de l&#8217;\u00c9conomie et des Finances, Sid&#8217;Ahmed Ould Bouh, a re\u00e7u en audience, lundi apr\u00e8s-midi en son bureau, une d\u00e9l\u00e9gation de l&#8217;Agence fran\u00e7aise de d\u00e9veloppement (AFD), en pr\u00e9sence de l&#8217;ambassadeur de France en Mauritanie, SEM. Alexandre Garcia. La d\u00e9l\u00e9gation est compos\u00e9e de M. Bruno Leclerc, directeur r\u00e9gional grand Sahel de l&#8217;AFD, accompagn\u00e9 &hellip;<\/p>\n","protected":false},"author":2,"featured_media":11683,"comment_status":"open","ping_status":"open","sticky":false,"template":"","format":"standard","meta":{"footnotes":""},"categories":[18,2],"tags":[],"class_list":["post-11681","post","type-post","status-publish","format-standard","has-post-thumbnail","hentry","category-actualites","category-economie"],"_links":{"self":[{"href":"https:\/\/ladepeche.mr\/index.php?rest_route=\/wp\/v2\/posts\/11681","targetHints":{"allow":["GET"]}}],"collection":[{"href":"https:\/\/ladepeche.mr\/index.php?rest_route=\/wp\/v2\/posts"}],"about":[{"href":"https:\/\/ladepeche.mr\/index.php?rest_route=\/wp\/v2\/types\/post"}],"author":[{"embeddable":true,"href":"https:\/\/ladepeche.mr\/index.php?rest_route=\/wp\/v2\/users\/2"}],"replies":[{"embeddable":true,"href":"https:\/\/ladepeche.mr\/index.php?rest_route=%2Fwp%2Fv2%2Fcomments&post=11681"}],"version-history":[{"count":1,"href":"https:\/\/ladepeche.mr\/index.php?rest_route=\/wp\/v2\/posts\/11681\/revisions"}],"predecessor-version":[{"id":11682,"href":"https:\/\/ladepeche.mr\/index.php?rest_route=\/wp\/v2\/posts\/11681\/revisions\/11682"}],"wp:featuredmedia":[{"embeddable":true,"href":"https:\/\/ladepeche.mr\/index.php?rest_route=\/wp\/v2\/media\/11683"}],"wp:attachment":[{"href":"https:\/\/ladepeche.mr\/index.php?rest_route=%2Fwp%2Fv2%2Fmedia&parent=11681"}],"wp:term":[{"taxonomy":"category","embeddable":true,"href":"https:\/\/ladepeche.mr\/index.php?rest_route=%2Fwp%2Fv2%2Fcategories&post=11681"},{"taxonomy":"post_tag","embeddable":true,"href":"https:\/\/ladepeche.mr\/index.php?rest_route=%2Fwp%2Fv2%2Ftags&post=11681"}],"curies":[{"name":"wp","href":"https:\/\/api.w.org\/{rel}","templated":true}]}}