{"id":11684,"date":"2024-10-01T13:51:13","date_gmt":"2024-10-01T13:51:13","guid":{"rendered":"https:\/\/ladepeche.mr\/?p=11684"},"modified":"2024-10-01T13:51:13","modified_gmt":"2024-10-01T13:51:13","slug":"senegal-hausse-de-184-des-exportations-en-mauritanie-ministre","status":"publish","type":"post","link":"https:\/\/ladepeche.mr\/?p=11684","title":{"rendered":"S\u00e9n\u00e9gal : hausse de 184% des exportations en Mauritanie (ministre)"},"content":{"rendered":"<p><strong>Entre 2019 et 2023, il y a une hausse significative des exportations du S\u00e9n\u00e9gal vers la Mauritanie, a indiqu\u00e9 lundi \u00e0 Dakar, Serigne Gu\u00e8ye Diop, ministre s\u00e9n\u00e9galais de l\u2019Industrie et du Commerce.<\/strong><\/p>\n<p>\u00ab<i>\u00a0(\u2026) les exportations du S\u00e9n\u00e9gal vers la Mauritanie ont augment\u00e9 de fa\u00e7on significative, passant de 39,7 milliards (<\/i>FCfa-ndlr<i>) en 2019 \u00e0 112,8 milliards en 2023, soit une augmentation de 184% en valeur relative. De m\u00eame, les importations s\u00e9n\u00e9galaises en provenance de la Mauritanie se sont \u00e9galement accrues de 37% en valeur relative, passant de 3,3 milliards en 2019 \u00e0 4,6 milliards en 2023. Tout en saluant cette progression, il est cependant regrettable de noter que nos \u00e9changes ne sont pas \u00e0 la hauteur de leur \u00e9norme potentiel insuffisamment exploit\u00e9 par les op\u00e9rateurs \u00e9conomiques des deux bords. Nous devons donc travailler ensemble, pour relever notre commerce bilat\u00e9ral, en particulier dans le cadre du renforcement du commerce intra-africain \u00e0 travers notamment la Zone de libre-\u00e9change continentale africaine (Zlecaf)\u00a0\u00bb, a dit Serigne Gu\u00e8ye Diop.<\/i><\/p>\n<p><i>S\u2019exprimant \u00e0 l\u2019ouverture de la 1<sup>\u00e8re<\/sup>\u00a0\u00e9dition du Forum \u00e9conomique S\u00e9n\u00e9gal-Mauritanie (FESM), le ministre Diop a affirm\u00e9 que le march\u00e9 continental constitue sans nul doute une opportunit\u00e9 pour renforcer l\u2019int\u00e9gration commerciale entre les deux pays, mais \u00e9galement d\u00e9velopper des chaines de valeur compl\u00e9mentaires.<\/i><\/p>\n<p><i>\u00ab\u00a0Dans cette perspective, a-t-il poursuivi, il nous faut travailler en synergie pour l\u2019\u00e9limination des barri\u00e8res tarifaires et non tarifaires existants dans les relations commerciales entre les deux pays, coordonner la mise en \u0153uvre, par la coop\u00e9ration de nos administrations concern\u00e9es, des instruments juridiques et op\u00e9rationnels de la Zlecaf, en particulier ceux qui facilitent les changes et soutiennent l\u2019int\u00e9gration des petites et moyennes entreprises aux chaines de valeurs r\u00e9gionales et continentales\u00a0\u00bb.<\/i><\/p>\n<p><i>A son avis, outre le commerce et l\u2019\u00e9conomie, les axes de collaboration entre Dakar et Nouakchott portent sur la diplomatie et l\u2019int\u00e9gration r\u00e9gionale, la coop\u00e9ration en mati\u00e8re de s\u00e9curit\u00e9, la gestion des ressources maritimes et hydrique, notamment dans le cadre de l\u2019Organisation pour la mise en valeur du fleuve S\u00e9n\u00e9gal (OMVS), entre autres.<\/i><\/p>\n<p><i>\u00ab Sur le plan de la coop\u00e9ration diplomatique, les relations sont \u00e9tablies depuis l\u2019ind\u00e9pendance des deux pays et nos deux Etats collaborent au sein des organisations r\u00e9gionales et internationales dont ils sont ensemble membres. Dans les autres domaines, je voudrais relever, pour m\u2019en f\u00e9liciter, quelques r\u00e9sultats importants dont la signature, en janvier 1971, d\u2019une convention bilat\u00e9rale en vue d\u2019\u00e9liminer la double imposition et de lutter contre l\u2019\u00e9vasion fiscale, la signature d\u2019accords de p\u00eache pour faire face \u00e0 la rar\u00e9faction des ressources halieutiques et la promotion d\u2019une p\u00eache durable, la facilitation de l\u2019approvisionnement en b\u00e9tails pour la c\u00e9l\u00e9bration des f\u00eates religieuses, la signature d\u2019une convention relative au r\u00e9gime fiscal applicable aux entreprises en charge de l\u2019ex\u00e9cution des march\u00e9s communs du pont de Rosso, la mise en place d\u2019un cadre de lutte contre la criminalit\u00e9 transfrontali\u00e8re ainsi que la tenue r\u00e9guli\u00e8re des r\u00e9unions des commandants de zones frontali\u00e8res pour faciliter la coordination et la r\u00e9solution des probl\u00e8mes qui pourraient surgir sur la zone frontali\u00e8re des deux \u00c9tats\u00a0<\/i>\u00bb, a encore dit Serigne Gu\u00e8ye Diop.<\/p>\n<p>De son c\u00f4t\u00e9, le ministre mauritanien des Mines et de l\u2019Industrie, Tidjane Thiam a insist\u00e9 sur les accords de p\u00eache liant les deux pays ainsi que l\u2019\u00e9levage, avec leur potentiel d\u2019investissement pour les hommes d\u2019affaires s\u00e9n\u00e9galais.<\/p>\n<p>\u00ab\u00a0<i>Aujourd\u2019hui, le d\u00e9veloppement du secteur de l\u2019\u00e9levage est un levier de d\u00e9veloppement sur lequel nous devons travailler. Avec un potentiel de production annuel de 180 000 tonnes de viande rouge, 213 000 tonnes de lait et pr\u00e8s de 5 millions de pi\u00e8ces de peaux brutes, des opportunit\u00e9s d\u2019investissement s\u2019ouvre \u00e0 nos deux secteurs priv\u00e9s<\/i>\u00a0\u00bb, a dit M. Thiam.<\/p>\n<p>https:\/\/fr.apanews.net\/<\/p>\n","protected":false},"excerpt":{"rendered":"<p>Entre 2019 et 2023, il y a une hausse significative des exportations du S\u00e9n\u00e9gal vers la Mauritanie, a indiqu\u00e9 lundi \u00e0 Dakar, Serigne Gu\u00e8ye Diop, ministre s\u00e9n\u00e9galais de l\u2019Industrie et du Commerce. \u00ab\u00a0(\u2026) les exportations du S\u00e9n\u00e9gal vers la Mauritanie ont augment\u00e9 de fa\u00e7on significative, passant de 39,7 milliards (FCfa-ndlr) en 2019 \u00e0 112,8 milliards &hellip;<\/p>\n","protected":false},"author":2,"featured_media":11685,"comment_status":"open","ping_status":"open","sticky":false,"template":"","format":"standard","meta":{"footnotes":""},"categories":[18,2,29],"tags":[],"class_list":["post-11684","post","type-post","status-publish","format-standard","has-post-thumbnail","hentry","category-actualites","category-economie","category-monde"],"_links":{"self":[{"href":"https:\/\/ladepeche.mr\/index.php?rest_route=\/wp\/v2\/posts\/11684","targetHints":{"allow":["GET"]}}],"collection":[{"href":"https:\/\/ladepeche.mr\/index.php?rest_route=\/wp\/v2\/posts"}],"about":[{"href":"https:\/\/ladepeche.mr\/index.php?rest_route=\/wp\/v2\/types\/post"}],"author":[{"embeddable":true,"href":"https:\/\/ladepeche.mr\/index.php?rest_route=\/wp\/v2\/users\/2"}],"replies":[{"embeddable":true,"href":"https:\/\/ladepeche.mr\/index.php?rest_route=%2Fwp%2Fv2%2Fcomments&post=11684"}],"version-history":[{"count":1,"href":"https:\/\/ladepeche.mr\/index.php?rest_route=\/wp\/v2\/posts\/11684\/revisions"}],"predecessor-version":[{"id":11686,"href":"https:\/\/ladepeche.mr\/index.php?rest_route=\/wp\/v2\/posts\/11684\/revisions\/11686"}],"wp:featuredmedia":[{"embeddable":true,"href":"https:\/\/ladepeche.mr\/index.php?rest_route=\/wp\/v2\/media\/11685"}],"wp:attachment":[{"href":"https:\/\/ladepeche.mr\/index.php?rest_route=%2Fwp%2Fv2%2Fmedia&parent=11684"}],"wp:term":[{"taxonomy":"category","embeddable":true,"href":"https:\/\/ladepeche.mr\/index.php?rest_route=%2Fwp%2Fv2%2Fcategories&post=11684"},{"taxonomy":"post_tag","embeddable":true,"href":"https:\/\/ladepeche.mr\/index.php?rest_route=%2Fwp%2Fv2%2Ftags&post=11684"}],"curies":[{"name":"wp","href":"https:\/\/api.w.org\/{rel}","templated":true}]}}