{"id":11687,"date":"2024-10-01T14:55:17","date_gmt":"2024-10-01T14:55:17","guid":{"rendered":"https:\/\/ladepeche.mr\/?p=11687"},"modified":"2024-10-01T13:58:41","modified_gmt":"2024-10-01T13:58:41","slug":"communique-de-presse-la-chaine-belge-ln24-lance-afrique-eco-une-emission-dediee-a-lactualite-africaine","status":"publish","type":"post","link":"https:\/\/ladepeche.mr\/?p=11687","title":{"rendered":"COMMUNIQU\u00c9 DE PRESSE: La cha\u00eene belge LN24 lance Afrique.ECO, une \u00e9mission d\u00e9di\u00e9e \u00e0 l\u2019actualit\u00e9 africaine."},"content":{"rendered":"<p>Bruxelles, le 30 septembre 2024 &#8211; LN24, la cha\u00eene belge d\u00e9di\u00e9e \u00e0 l\u2019information sous toutes ses formes, met en valeur le monde de l\u2019entreprise et ses r\u00e9ussites. Elle est particuli\u00e8rement fi\u00e8re d\u2019annoncer la cr\u00e9ation d\u2019un nouveau magazine in\u00e9dit : Afrique.ECO. L\u2019objectif est de mettre en avant les dynamiques \u00e9conomiques du continent africain et les relations strat\u00e9giques entre l\u2019Europe et l\u2019Afrique.<\/p>\n<p><strong>\u00a0<\/strong><\/p>\n<p>L\u2019importance strat\u00e9gique du continent africain au sein de l\u2019\u00e9conomie mondiale n\u2019est plus \u00e0 d\u00e9montrer, elle sonne comme une \u00e9vidence. Novateur dans son concept et sa forme, Afrique.ECO est appel\u00e9 \u00e0 \u00eatre diffus\u00e9 \u00e0 un rythme mensuel. Il s\u2019inscrit parfaitement dans la mission de LN24 \u00e0 savoir relayer avec pr\u00e9cision et objectivit\u00e9 les grands \u00e9v\u00e9nements internationaux, mettre en valeur les r\u00e9ussites \u00e9conomiques, les id\u00e9es novatrices et les personnalit\u00e9s influentes qui fa\u00e7onnent l\u2019avenir.<\/p>\n<p>&nbsp;<\/p>\n<p>Le magazine Afrique.ECO sera pr\u00e9sent\u00e9 par Valery Desil, consultant Europe-Afrique, accompagn\u00e9 de Tara Bendo, analyste \u00e9conomique de premier plan, apportant son expertise sur les tendances \u00e9conomiques en Afrique et les opportunit\u00e9s d\u2019investissement.<\/p>\n<p>En collaboration avec des m\u00e9dias africains partenaires, Afrique.ECO fera l\u2019objet d\u2019une diffusion sur le continent africain offrant une tr\u00e8s large visibilit\u00e9. Cette nouveaut\u00e9 dans le paysage audiovisuel belge vise \u00e0 cr\u00e9er une plateforme de dialogue dynamique entre les acteurs \u00e9conomiques des deux continents, en apportant une vision actualis\u00e9e et nuanc\u00e9e des d\u00e9fis et des opportunit\u00e9s \u00e9conomiques.<\/p>\n<p>&nbsp;<\/p>\n<p><strong>Denis Pierrard, Directeur g\u00e9n\u00e9ral du p\u00f4le audiovisuel d\u2019IPM Group<\/strong>, souligne : \u00ab Avec le support d\u2019IPM Group, Afrique.ECO s\u2019engage \u00e0 mettre son exp\u00e9rience au profit du d\u00e9cryptage des dynamiques en cours et encourager des partenariats solides et durables. \u00bb<\/p>\n<h1><\/h1>\n<p>L\u2019Afrique, avec ses 1,4 milliard d\u2019habitants et un PIB en expansion constante, repr\u00e9sente aujourd\u2019hui une des r\u00e9gions les plus dynamiques du monde, avec une croissance annuelle moyenne de + 4%. Les secteurs tels que l\u2019agriculture, la technologie, la sant\u00e9 et les infrastructures attirent de plus en plus d\u2019investissements internationaux.<\/p>\n<p>&nbsp;<\/p>\n<p>Afrique.ECO sera un rendez-vous mensuel incontournable pour analyser ces transformations et offrir une vision compl\u00e8te des relations \u00e9conomiques euro-africaines. Le magazine sera diffus\u00e9 pour la premi\u00e8re fois en octobre 2024 sur LN24.<\/p>\n<p>Pour plus d\u2019informations et pour d\u00e9couvrir \u00e0 quoi ressemblera le magazine, visitez :<\/p>\n<p><u><a href=\"https:\/\/www.ln24.be\/videos\/playlist\/afriqueeco-qls3mu\">https:\/\/www.ln24.be\/videos\/playlist\/afriqueeco-qls3mu<\/a><\/u><\/p>\n<p>ou <u><a href=\"https:\/\/www.ln24.be\/magazines\/\">https:\/\/www.ln24.be\/magazines\/<\/a><\/u> pour avoir une vue sur l\u2019ensemble de nos magazines.<\/p>\n<p>&nbsp;<\/p>\n<p><strong>Contact <\/strong>: Production : <u><a href=\"mailto:Alain.Schwartz@ln24.be\">Alain.Schwartz@ln24.be<\/a><\/u> &#8211; Partenariats : <u><a href=\"mailto:Fabienne.Tramasure@ln24.be\">Fabienne.Tramasure@ln24.be<\/a><\/u><\/p>\n<p>&nbsp;<\/p>\n","protected":false},"excerpt":{"rendered":"<p>Bruxelles, le 30 septembre 2024 &#8211; LN24, la cha\u00eene belge d\u00e9di\u00e9e \u00e0 l\u2019information sous toutes ses formes, met en valeur le monde de l\u2019entreprise et ses r\u00e9ussites. Elle est particuli\u00e8rement fi\u00e8re d\u2019annoncer la cr\u00e9ation d\u2019un nouveau magazine in\u00e9dit : Afrique.ECO. L\u2019objectif est de mettre en avant les dynamiques \u00e9conomiques du continent africain et les relations &hellip;<\/p>\n","protected":false},"author":2,"featured_media":11688,"comment_status":"open","ping_status":"open","sticky":false,"template":"","format":"standard","meta":{"footnotes":""},"categories":[18,29],"tags":[],"class_list":["post-11687","post","type-post","status-publish","format-standard","has-post-thumbnail","hentry","category-actualites","category-monde"],"_links":{"self":[{"href":"https:\/\/ladepeche.mr\/index.php?rest_route=\/wp\/v2\/posts\/11687","targetHints":{"allow":["GET"]}}],"collection":[{"href":"https:\/\/ladepeche.mr\/index.php?rest_route=\/wp\/v2\/posts"}],"about":[{"href":"https:\/\/ladepeche.mr\/index.php?rest_route=\/wp\/v2\/types\/post"}],"author":[{"embeddable":true,"href":"https:\/\/ladepeche.mr\/index.php?rest_route=\/wp\/v2\/users\/2"}],"replies":[{"embeddable":true,"href":"https:\/\/ladepeche.mr\/index.php?rest_route=%2Fwp%2Fv2%2Fcomments&post=11687"}],"version-history":[{"count":1,"href":"https:\/\/ladepeche.mr\/index.php?rest_route=\/wp\/v2\/posts\/11687\/revisions"}],"predecessor-version":[{"id":11689,"href":"https:\/\/ladepeche.mr\/index.php?rest_route=\/wp\/v2\/posts\/11687\/revisions\/11689"}],"wp:featuredmedia":[{"embeddable":true,"href":"https:\/\/ladepeche.mr\/index.php?rest_route=\/wp\/v2\/media\/11688"}],"wp:attachment":[{"href":"https:\/\/ladepeche.mr\/index.php?rest_route=%2Fwp%2Fv2%2Fmedia&parent=11687"}],"wp:term":[{"taxonomy":"category","embeddable":true,"href":"https:\/\/ladepeche.mr\/index.php?rest_route=%2Fwp%2Fv2%2Fcategories&post=11687"},{"taxonomy":"post_tag","embeddable":true,"href":"https:\/\/ladepeche.mr\/index.php?rest_route=%2Fwp%2Fv2%2Ftags&post=11687"}],"curies":[{"name":"wp","href":"https:\/\/api.w.org\/{rel}","templated":true}]}}