{"id":11693,"date":"2024-10-01T14:56:33","date_gmt":"2024-10-01T14:56:33","guid":{"rendered":"https:\/\/ladepeche.mr\/?p=11693"},"modified":"2024-10-01T15:55:06","modified_gmt":"2024-10-01T15:55:06","slug":"concours-dentree-aux-ecoles-de-formation-technique-et-professionnelle-19-400-individus-candidats-en-lice","status":"publish","type":"post","link":"https:\/\/ladepeche.mr\/?p=11693","title":{"rendered":"Concours d\u2019entr\u00e9e aux \u00e9coles de formation technique et professionnelle\u00a0: 19 400 candidats en lice"},"content":{"rendered":"<p>Ils sont officiellement 19.400 candidats en lice mardi acc\u00e9der aux \u00e9coles de formation technique et professionnelle pour l\u2019ann\u00e9e scolaire 2024-2025.<\/p>\n<p>Dans une d\u00e9claration \u00e0 l\u2019issue d\u2019une visite pour s\u2019enqu\u00e9rir des conditions d\u2019organisation du concours au niveau des centres de Nouakchott, le ministre de la formation professionnelle, de l\u2019artisanat et des m\u00e9tiers, Mohamed Melainine Ould Eyih, que le nombre de places \u00e0 pourvoir est de 5200 places pour l\u2019ensemble du pays.<\/p>\n<p>Selon le directeur de l\u2019\u00e9cole industrielle de l\u2019enseignement technique et de la formation professionnelle de Nouakchott, Brahim Ould Beibacar, pr\u00e9cis\u00e9 que le concours porte dix sp\u00e9cialit\u00e9s \u00e0 travers les trois niveaux technique, technique sup\u00e9rieur et certificat d\u2019aptitude professionnelle.<\/p>\n<p>A rappeler qu\u2019en septembre 2024, le ministre Ould Eyih, avait, lors d\u2019une r\u00e9union, exhort\u00e9 les responsables de la gestion et du fonctionnement des \u00e9tablissements de la formation technique et professionnelle \u00e0 l\u2019am\u00e9lioration de la qualit\u00e9 de cet enseignement.<\/p>\n","protected":false},"excerpt":{"rendered":"<p>Ils sont officiellement 19.400 candidats en lice mardi acc\u00e9der aux \u00e9coles de formation technique et professionnelle pour l\u2019ann\u00e9e scolaire 2024-2025. Dans une d\u00e9claration \u00e0 l\u2019issue d\u2019une visite pour s\u2019enqu\u00e9rir des conditions d\u2019organisation du concours au niveau des centres de Nouakchott, le ministre de la formation professionnelle, de l\u2019artisanat et des m\u00e9tiers, Mohamed Melainine Ould Eyih, &hellip;<\/p>\n","protected":false},"author":2,"featured_media":11694,"comment_status":"open","ping_status":"open","sticky":false,"template":"","format":"standard","meta":{"footnotes":""},"categories":[18],"tags":[],"class_list":["post-11693","post","type-post","status-publish","format-standard","has-post-thumbnail","hentry","category-actualites"],"_links":{"self":[{"href":"https:\/\/ladepeche.mr\/index.php?rest_route=\/wp\/v2\/posts\/11693","targetHints":{"allow":["GET"]}}],"collection":[{"href":"https:\/\/ladepeche.mr\/index.php?rest_route=\/wp\/v2\/posts"}],"about":[{"href":"https:\/\/ladepeche.mr\/index.php?rest_route=\/wp\/v2\/types\/post"}],"author":[{"embeddable":true,"href":"https:\/\/ladepeche.mr\/index.php?rest_route=\/wp\/v2\/users\/2"}],"replies":[{"embeddable":true,"href":"https:\/\/ladepeche.mr\/index.php?rest_route=%2Fwp%2Fv2%2Fcomments&post=11693"}],"version-history":[{"count":2,"href":"https:\/\/ladepeche.mr\/index.php?rest_route=\/wp\/v2\/posts\/11693\/revisions"}],"predecessor-version":[{"id":11700,"href":"https:\/\/ladepeche.mr\/index.php?rest_route=\/wp\/v2\/posts\/11693\/revisions\/11700"}],"wp:featuredmedia":[{"embeddable":true,"href":"https:\/\/ladepeche.mr\/index.php?rest_route=\/wp\/v2\/media\/11694"}],"wp:attachment":[{"href":"https:\/\/ladepeche.mr\/index.php?rest_route=%2Fwp%2Fv2%2Fmedia&parent=11693"}],"wp:term":[{"taxonomy":"category","embeddable":true,"href":"https:\/\/ladepeche.mr\/index.php?rest_route=%2Fwp%2Fv2%2Fcategories&post=11693"},{"taxonomy":"post_tag","embeddable":true,"href":"https:\/\/ladepeche.mr\/index.php?rest_route=%2Fwp%2Fv2%2Ftags&post=11693"}],"curies":[{"name":"wp","href":"https:\/\/api.w.org\/{rel}","templated":true}]}}