{"id":11696,"date":"2024-10-01T15:42:06","date_gmt":"2024-10-01T15:42:06","guid":{"rendered":"https:\/\/ladepeche.mr\/?p=11696"},"modified":"2024-10-01T15:54:18","modified_gmt":"2024-10-01T15:54:18","slug":"mauritanie-fmi-quel-impact-de-la-situation-economique-et-financiere-internationale-sur-le-pays","status":"publish","type":"post","link":"https:\/\/ladepeche.mr\/?p=11696","title":{"rendered":"Mauritanie-FMI\u00a0: Quel impact de la situation \u00e9conomique et financi\u00e8re internationale sur le pays?"},"content":{"rendered":"<p>Les autorit\u00e9s mauritaniennes et le Fonds mon\u00e9taire international ont engag\u00e9 des \u00e9changes pour \u00e9valuer l\u2019impacte de la de la situation \u00e9conomique et financi\u00e8re internationale sur le pays, apprend-on de source officielle.<\/p>\n<p>Ces discussions ont \u00e9t\u00e9 organis\u00e9es \u00e0 Nouakchott entre le ministre de l&#8217;\u00e9conomie et des finances, Ould Bouh et, l&#8217;administrateur adjoint au Fonds mon\u00e9taire international, R\u00e9gis N\u2019Sonde, repr\u00e9sentant le Bureau du Groupe Afrique II au Conseil d&#8217;administration du FMI, qui inclut la Mauritanie.<\/p>\n<p>Cheikhna Ould Beddad, directeur g\u00e9n\u00e9ral des politiques et des strat\u00e9gies de d\u00e9veloppement, et Mohamed Salem Ould Nani, directeur g\u00e9n\u00e9ral des financements et de la coop\u00e9ration \u00e9conomique, principaux collaborateurs du ministre mauritanien ont pris part \u00e0 ces entretiens destin\u00e9s \u00e0 faire \u00e9ventuellement face \u00e0 ces impacts \u00e9conomiques mondiaux qui enregistrent d\u00e9j\u00e0 des soubresauts \u00e0 l\u2019\u00e9chelle internationale.<\/p>\n","protected":false},"excerpt":{"rendered":"<p>Les autorit\u00e9s mauritaniennes et le Fonds mon\u00e9taire international ont engag\u00e9 des \u00e9changes pour \u00e9valuer l\u2019impacte de la de la situation \u00e9conomique et financi\u00e8re internationale sur le pays, apprend-on de source officielle. Ces discussions ont \u00e9t\u00e9 organis\u00e9es \u00e0 Nouakchott entre le ministre de l&#8217;\u00e9conomie et des finances, Ould Bouh et, l&#8217;administrateur adjoint au Fonds mon\u00e9taire international, &hellip;<\/p>\n","protected":false},"author":2,"featured_media":11697,"comment_status":"open","ping_status":"open","sticky":false,"template":"","format":"standard","meta":{"footnotes":""},"categories":[18,2],"tags":[],"class_list":["post-11696","post","type-post","status-publish","format-standard","has-post-thumbnail","hentry","category-actualites","category-economie"],"_links":{"self":[{"href":"https:\/\/ladepeche.mr\/index.php?rest_route=\/wp\/v2\/posts\/11696","targetHints":{"allow":["GET"]}}],"collection":[{"href":"https:\/\/ladepeche.mr\/index.php?rest_route=\/wp\/v2\/posts"}],"about":[{"href":"https:\/\/ladepeche.mr\/index.php?rest_route=\/wp\/v2\/types\/post"}],"author":[{"embeddable":true,"href":"https:\/\/ladepeche.mr\/index.php?rest_route=\/wp\/v2\/users\/2"}],"replies":[{"embeddable":true,"href":"https:\/\/ladepeche.mr\/index.php?rest_route=%2Fwp%2Fv2%2Fcomments&post=11696"}],"version-history":[{"count":2,"href":"https:\/\/ladepeche.mr\/index.php?rest_route=\/wp\/v2\/posts\/11696\/revisions"}],"predecessor-version":[{"id":11699,"href":"https:\/\/ladepeche.mr\/index.php?rest_route=\/wp\/v2\/posts\/11696\/revisions\/11699"}],"wp:featuredmedia":[{"embeddable":true,"href":"https:\/\/ladepeche.mr\/index.php?rest_route=\/wp\/v2\/media\/11697"}],"wp:attachment":[{"href":"https:\/\/ladepeche.mr\/index.php?rest_route=%2Fwp%2Fv2%2Fmedia&parent=11696"}],"wp:term":[{"taxonomy":"category","embeddable":true,"href":"https:\/\/ladepeche.mr\/index.php?rest_route=%2Fwp%2Fv2%2Fcategories&post=11696"},{"taxonomy":"post_tag","embeddable":true,"href":"https:\/\/ladepeche.mr\/index.php?rest_route=%2Fwp%2Fv2%2Ftags&post=11696"}],"curies":[{"name":"wp","href":"https:\/\/api.w.org\/{rel}","templated":true}]}}