{"id":1170,"date":"2022-07-22T22:36:39","date_gmt":"2022-07-22T22:36:39","guid":{"rendered":"https:\/\/ladepeche.mr\/?p=1170"},"modified":"2022-07-22T22:36:39","modified_gmt":"2022-07-22T22:36:39","slug":"hausse-des-prix-les-autorites-mauritaniennes-interdisent-la-marche-de-tawassoul-prevue-ce-samedi","status":"publish","type":"post","link":"https:\/\/ladepeche.mr\/?p=1170","title":{"rendered":"Hausse des prix : les autorit\u00e9s mauritaniennes interdisent la marche de Tawassoul pr\u00e9vue ce samedi"},"content":{"rendered":"<p>Les autorit\u00e9s mauritaniennes ont interdit la marche de Tawassoul pr\u00e9vue ce samedi pour d\u00e9noncer la chert\u00e9 de la vie notamment la derni\u00e8re augmentation des prix du carburant.<\/p>\n<p>Dans un communiqu\u00e9, le Rassemblement National pour la R\u00e9forme et le D\u00e9veloppement (RNRD) a condamn\u00e9 cette interdiction qui viole, selon le parti, la Constitution mauritanienne.<\/p>\n<p>La semaine derni\u00e8re, le ministre des Finances, Isselmou Ould Mohamed Mbady, a expliqu\u00e9 que le gouvernement avait allou\u00e9 138 milliards MRO pour att\u00e9nuer la flamb\u00e9e des prix.<\/p>\n<p>Par Babacar BAYE NDIAYE<br \/>\nPour Cridem<\/p>\n","protected":false},"excerpt":{"rendered":"<p>Les autorit\u00e9s mauritaniennes ont interdit la marche de Tawassoul pr\u00e9vue ce samedi pour d\u00e9noncer la chert\u00e9 de la vie notamment la derni\u00e8re augmentation des prix du carburant. Dans un communiqu\u00e9, le Rassemblement National pour la R\u00e9forme et le D\u00e9veloppement (RNRD) a condamn\u00e9 cette interdiction qui viole, selon le parti, la Constitution mauritanienne. La semaine derni\u00e8re, &hellip;<\/p>\n","protected":false},"author":2,"featured_media":1171,"comment_status":"open","ping_status":"open","sticky":false,"template":"","format":"standard","meta":{"footnotes":""},"categories":[18],"tags":[],"class_list":["post-1170","post","type-post","status-publish","format-standard","has-post-thumbnail","hentry","category-actualites"],"_links":{"self":[{"href":"https:\/\/ladepeche.mr\/index.php?rest_route=\/wp\/v2\/posts\/1170","targetHints":{"allow":["GET"]}}],"collection":[{"href":"https:\/\/ladepeche.mr\/index.php?rest_route=\/wp\/v2\/posts"}],"about":[{"href":"https:\/\/ladepeche.mr\/index.php?rest_route=\/wp\/v2\/types\/post"}],"author":[{"embeddable":true,"href":"https:\/\/ladepeche.mr\/index.php?rest_route=\/wp\/v2\/users\/2"}],"replies":[{"embeddable":true,"href":"https:\/\/ladepeche.mr\/index.php?rest_route=%2Fwp%2Fv2%2Fcomments&post=1170"}],"version-history":[{"count":1,"href":"https:\/\/ladepeche.mr\/index.php?rest_route=\/wp\/v2\/posts\/1170\/revisions"}],"predecessor-version":[{"id":1172,"href":"https:\/\/ladepeche.mr\/index.php?rest_route=\/wp\/v2\/posts\/1170\/revisions\/1172"}],"wp:featuredmedia":[{"embeddable":true,"href":"https:\/\/ladepeche.mr\/index.php?rest_route=\/wp\/v2\/media\/1171"}],"wp:attachment":[{"href":"https:\/\/ladepeche.mr\/index.php?rest_route=%2Fwp%2Fv2%2Fmedia&parent=1170"}],"wp:term":[{"taxonomy":"category","embeddable":true,"href":"https:\/\/ladepeche.mr\/index.php?rest_route=%2Fwp%2Fv2%2Fcategories&post=1170"},{"taxonomy":"post_tag","embeddable":true,"href":"https:\/\/ladepeche.mr\/index.php?rest_route=%2Fwp%2Fv2%2Ftags&post=1170"}],"curies":[{"name":"wp","href":"https:\/\/api.w.org\/{rel}","templated":true}]}}