{"id":11703,"date":"2024-10-01T16:23:28","date_gmt":"2024-10-01T16:23:28","guid":{"rendered":"https:\/\/ladepeche.mr\/?p=11703"},"modified":"2024-10-01T16:23:28","modified_gmt":"2024-10-01T16:23:28","slug":"nomination-du-directeur-de-cabinet-du-premier-ministre-et-du-secretaire-permanent-du-conseil-du-prix-chinguity","status":"publish","type":"post","link":"https:\/\/ladepeche.mr\/?p=11703","title":{"rendered":"Nomination du directeur de cabinet du Premier ministre et du secr\u00e9taire permanent du conseil du prix Chinguity"},"content":{"rendered":"<p>La Pr\u00e9sidence de la R\u00e9publique a annonc\u00e9 que, par d\u00e9cret en date de ce jour, la nomination de MM :<\/p>\n<p>\u2013 Cheikh Ould Zeidane, directeur de cabinet du Premier ministre<\/p>\n<p>\u2013 Hassan Ben Youssef Sy, secr\u00e9taire permanent du conseil du prix Chinguetti.<\/p>\n<p>Ami<\/p>\n","protected":false},"excerpt":{"rendered":"<p>La Pr\u00e9sidence de la R\u00e9publique a annonc\u00e9 que, par d\u00e9cret en date de ce jour, la nomination de MM : \u2013 Cheikh Ould Zeidane, directeur de cabinet du Premier ministre \u2013 Hassan Ben Youssef Sy, secr\u00e9taire permanent du conseil du prix Chinguetti. Ami<\/p>\n","protected":false},"author":2,"featured_media":11704,"comment_status":"open","ping_status":"open","sticky":false,"template":"","format":"standard","meta":{"footnotes":""},"categories":[18],"tags":[],"class_list":["post-11703","post","type-post","status-publish","format-standard","has-post-thumbnail","hentry","category-actualites"],"_links":{"self":[{"href":"https:\/\/ladepeche.mr\/index.php?rest_route=\/wp\/v2\/posts\/11703","targetHints":{"allow":["GET"]}}],"collection":[{"href":"https:\/\/ladepeche.mr\/index.php?rest_route=\/wp\/v2\/posts"}],"about":[{"href":"https:\/\/ladepeche.mr\/index.php?rest_route=\/wp\/v2\/types\/post"}],"author":[{"embeddable":true,"href":"https:\/\/ladepeche.mr\/index.php?rest_route=\/wp\/v2\/users\/2"}],"replies":[{"embeddable":true,"href":"https:\/\/ladepeche.mr\/index.php?rest_route=%2Fwp%2Fv2%2Fcomments&post=11703"}],"version-history":[{"count":1,"href":"https:\/\/ladepeche.mr\/index.php?rest_route=\/wp\/v2\/posts\/11703\/revisions"}],"predecessor-version":[{"id":11705,"href":"https:\/\/ladepeche.mr\/index.php?rest_route=\/wp\/v2\/posts\/11703\/revisions\/11705"}],"wp:featuredmedia":[{"embeddable":true,"href":"https:\/\/ladepeche.mr\/index.php?rest_route=\/wp\/v2\/media\/11704"}],"wp:attachment":[{"href":"https:\/\/ladepeche.mr\/index.php?rest_route=%2Fwp%2Fv2%2Fmedia&parent=11703"}],"wp:term":[{"taxonomy":"category","embeddable":true,"href":"https:\/\/ladepeche.mr\/index.php?rest_route=%2Fwp%2Fv2%2Fcategories&post=11703"},{"taxonomy":"post_tag","embeddable":true,"href":"https:\/\/ladepeche.mr\/index.php?rest_route=%2Fwp%2Fv2%2Ftags&post=11703"}],"curies":[{"name":"wp","href":"https:\/\/api.w.org\/{rel}","templated":true}]}}