{"id":11720,"date":"2024-10-01T19:25:50","date_gmt":"2024-10-01T19:25:50","guid":{"rendered":"https:\/\/ladepeche.mr\/?p=11720"},"modified":"2024-10-01T19:25:50","modified_gmt":"2024-10-01T19:25:50","slug":"pres-de-200-missiles-ont-ete-tires-vers-israel-par-liran-pour-venger-nasrallah-et-haniyeh","status":"publish","type":"post","link":"https:\/\/ladepeche.mr\/?p=11720","title":{"rendered":"Pr\u00e8s de 200 missiles ont \u00e9t\u00e9 tir\u00e9s vers Isra\u00ebl par l\u2019Iran pour \u2018\u2019venger\u2019\u2019 Nasrallah et Haniyeh"},"content":{"rendered":"<h4>Les Gardiens de la r\u00e9volution iraniens a annonc\u00e9 avoir frapp\u00e9 des \u2018\u2019cibles\u2019\u2019 en Isra\u00ebl pour venger les assassinats de Hassan Nasrallah et Ismail Haniyeh.<\/h4>\n<p>Pr\u00e8s de 200 missiles ont \u00e9t\u00e9 tir\u00e9s vers Isra\u00ebl par l\u2019Iran, a annonc\u00e9 mardi soir, Tel Aviv.<\/p>\n<p>De leur c\u00f4t\u00e9, les Gardiens de la r\u00e9volution iraniens ont indiqu\u00e9 dans un communiqu\u00e9, avoir frapp\u00e9 des \u2018\u2019cibles\u2019\u2019 en Isra\u00ebl avec des \u2018\u2019dizaines\u2019\u2019 de missiles, pour venger Hassan Nasrallah &#8211; le secr\u00e9taire g\u00e9n\u00e9ral du Hezbollah libanais &#8211; et Ismail Haniyeh, le chef du bureau politique du Hamas.<\/p>\n<p>La riposte iranienne intervient au lendemain des d\u00e9clarations du pr\u00e9sident iranien, Massoud Pezeshkian, selon lesquelles Am\u00e9ricains et Europ\u00e9ens avaient promis \u00e0 T\u00e9h\u00e9ran un cessez-le-feu dans la bande de Gaza s&#8217;il s\u2019abstenait de riposter \u00e0 l&#8217;assassinat par Isra\u00ebl d&#8217;Ismail Haniyeh (fin juillet), mais qu&#8217;ils n&#8217;avaient pas tenu cette promesse, selon des m\u00e9dias d&#8217;\u00c9tat iraniens.<\/p>\n<p>La radio de l\u2019arm\u00e9e isra\u00e9lienne a rapport\u00e9 que \u2018\u2019L\u2019Iran a tir\u00e9 au moins 200 missiles provoquant le d\u00e9clenchement des sir\u00e8nes d\u2019alerte dans tout le territoire d\u2019Isra\u00ebl\u2019\u2019.<\/p>\n<p>Le trafic a\u00e9rien a \u00e9t\u00e9 totalement interrompu \u00e0 l&#8217;a\u00e9roport Ben-Gourion de Tel-Aviv mardi soir, selon un porte-parole, alors que des explosions ont retenti dans le centre d&#8217;Isra\u00ebl apr\u00e8s le lancement d&#8217;une attaque par missiles balistiques depuis l&#8217;Iran.<\/p>\n<p>&#8220;Il n&#8217;y a actuellement ni d\u00e9collage ni atterrissage&#8221; \u00e0 l&#8217;a\u00e9roport Ben-Gourion, a indiqu\u00e9 un porte-parole de l&#8217;a\u00e9roport.<\/p>\n<p>L&#8217;arm\u00e9e isra\u00e9lienne a somm\u00e9 les habitants des r\u00e9gions du sud et du centre \u00e0 entrer \u2018\u2019imm\u00e9diatement\u2019\u2019 dans les abris.<\/p>\n<p>Les sir\u00e8nes d\u2019alerte ont retenti dans plusieurs villes et localit\u00e9s du sud et du centre d&#8217;Isra\u00ebl, selon le quotidien \u2018\u2019Haaretz\u2019\u2019 et la cha\u00eene isra\u00e9lienne 7.<\/p>\n<p>Le correspondant d&#8217;Anadolu a rapport\u00e9 que des dizaines de missiles ont travers\u00e9 le ciel de la Cisjordanie occup\u00e9e, vers le N\u00e9guev et Tel-Aviv.<\/p>\n<p>Il a indiqu\u00e9 avoir entendu de tr\u00e8s fortes explosions dans le ciel de la ville occup\u00e9e de J\u00e9rusalem, provoqu\u00e9es par l\u2019interception des missiles iraniens par le D\u00f4me de fer.<\/p>\n<p>Selon le quotidien priv\u00e9 Yediot Aharonot, un immeuble a \u00e9t\u00e9 endommag\u00e9 par un missile tomb\u00e9 au nord de Tel-Aviv.<\/p>\n<p>La Soci\u00e9t\u00e9 de radiodiffusion publique isra\u00e9lienne (KAN) a qualifi\u00e9 la riposte iranienne d\u2019 \u2018\u2019attaque sans pr\u00e9c\u00e9dent par missiles balistiques contre Isra\u00ebl\u2019\u2019.<\/p>\n<p>L\u2019arm\u00e9e isra\u00e9lienne avait annonc\u00e9 samedi 28 septembre dans un communiqu\u00e9 avoir \u2018\u2019\u00e9limin\u00e9\u2019\u2019 le chef du Hezbollah, Hassan Nasrallah, au cours des frappes men\u00e9es par des avions de combat F-35 qui ont vis\u00e9 une cible dans le quartier populaire de Haret Hreik, dans la banlieue sud de Beyrouth, bastion du Hezbollah, dans la nuit de vendredi \u00e0 samedi.<\/p>\n<p>Le mouvement libanais avait confirm\u00e9 peu de temps apr\u00e8s, la mort de son leader, Hassan Nasrallah.<\/p>\n<p>Isra\u00ebl a confirm\u00e9, dans la nuit de lundi \u00e0 mardi, mener \u2018\u2019des raids terrestres limit\u00e9s, localis\u00e9s et cibl\u00e9s\u2019\u2019 dans le sud du Liban. L\u2019arm\u00e9e isra\u00e9lienne a annonc\u00e9 dans un communiqu\u00e9 viser \u2018\u2019des cibles et des infrastructures du Hezbollah\u2019\u2019.<\/p>\n<p>Mardi \u00e0 l&#8217;aube, l\u2019arm\u00e9e isra\u00e9lienne a fait savoir que des troupes au sol avaient travers\u00e9 la fronti\u00e8re du Liban-Sud. Le Hezbollah, les casques bleus de l\u2019Onu, ainsi que l\u2019arm\u00e9e libanaise n\u2019ont toutefois pas d\u00e9tect\u00e9 d\u2019incursion isra\u00e9lienne pour l\u2019heure.<\/p>\n<p>www.aa.com.tr<\/p>\n","protected":false},"excerpt":{"rendered":"<p>Les Gardiens de la r\u00e9volution iraniens a annonc\u00e9 avoir frapp\u00e9 des \u2018\u2019cibles\u2019\u2019 en Isra\u00ebl pour venger les assassinats de Hassan Nasrallah et Ismail Haniyeh. Pr\u00e8s de 200 missiles ont \u00e9t\u00e9 tir\u00e9s vers Isra\u00ebl par l\u2019Iran, a annonc\u00e9 mardi soir, Tel Aviv. De leur c\u00f4t\u00e9, les Gardiens de la r\u00e9volution iraniens ont indiqu\u00e9 dans un communiqu\u00e9, &hellip;<\/p>\n","protected":false},"author":2,"featured_media":11721,"comment_status":"open","ping_status":"open","sticky":false,"template":"","format":"standard","meta":{"footnotes":""},"categories":[18,29],"tags":[],"class_list":["post-11720","post","type-post","status-publish","format-standard","has-post-thumbnail","hentry","category-actualites","category-monde"],"_links":{"self":[{"href":"https:\/\/ladepeche.mr\/index.php?rest_route=\/wp\/v2\/posts\/11720","targetHints":{"allow":["GET"]}}],"collection":[{"href":"https:\/\/ladepeche.mr\/index.php?rest_route=\/wp\/v2\/posts"}],"about":[{"href":"https:\/\/ladepeche.mr\/index.php?rest_route=\/wp\/v2\/types\/post"}],"author":[{"embeddable":true,"href":"https:\/\/ladepeche.mr\/index.php?rest_route=\/wp\/v2\/users\/2"}],"replies":[{"embeddable":true,"href":"https:\/\/ladepeche.mr\/index.php?rest_route=%2Fwp%2Fv2%2Fcomments&post=11720"}],"version-history":[{"count":1,"href":"https:\/\/ladepeche.mr\/index.php?rest_route=\/wp\/v2\/posts\/11720\/revisions"}],"predecessor-version":[{"id":11722,"href":"https:\/\/ladepeche.mr\/index.php?rest_route=\/wp\/v2\/posts\/11720\/revisions\/11722"}],"wp:featuredmedia":[{"embeddable":true,"href":"https:\/\/ladepeche.mr\/index.php?rest_route=\/wp\/v2\/media\/11721"}],"wp:attachment":[{"href":"https:\/\/ladepeche.mr\/index.php?rest_route=%2Fwp%2Fv2%2Fmedia&parent=11720"}],"wp:term":[{"taxonomy":"category","embeddable":true,"href":"https:\/\/ladepeche.mr\/index.php?rest_route=%2Fwp%2Fv2%2Fcategories&post=11720"},{"taxonomy":"post_tag","embeddable":true,"href":"https:\/\/ladepeche.mr\/index.php?rest_route=%2Fwp%2Fv2%2Ftags&post=11720"}],"curies":[{"name":"wp","href":"https:\/\/api.w.org\/{rel}","templated":true}]}}