{"id":11723,"date":"2024-10-01T20:14:04","date_gmt":"2024-10-01T20:14:04","guid":{"rendered":"https:\/\/ladepeche.mr\/?p=11723"},"modified":"2024-10-01T20:18:02","modified_gmt":"2024-10-01T20:18:02","slug":"conseil-des-ministres-les-foudres-sabattent-contre-ahmed-samba-abdellahi-samba-inspecteur-general-des-finances","status":"publish","type":"post","link":"https:\/\/ladepeche.mr\/?p=11723","title":{"rendered":"Conseil des ministres\u00a0: Les foudres s\u2019abattent contre Ahmed Samba Abdellahi Samba, inspecteur g\u00e9n\u00e9ral des finances"},"content":{"rendered":"<p>Le conseil des ministres s\u2019est r\u00e9uni ce mardi, sous la Pr\u00e9sidence de Son Excellence Monsieur Mohamed Ould Cheikh El-Ghazouani, Pr\u00e9sident de la R\u00e9publique. Outre l\u2019examen et l\u2019adoption d\u2019un d\u00e9cret modifiant certaines dispositions du d\u00e9cret n\u00b0 93-106 du 23 octobre 1993 portant r\u00e9organisation de l\u2019Institut P\u00e9dagogique National (IPN) et une communication relative \u00e0 l\u2019ouverture de l\u2019ann\u00e9e scolaire 2024-2025, la seule mesure individuelle annonc\u00e9e a \u00e9t\u00e9 le limogeage de Ahmed Ould Samba Abdellahi. Une mesure contre l\u2019inspecteur g\u00e9n\u00e9ral des finances \u00e0 laquelle le conseil des ministres ne donne aucune explication.<\/p>\n<p>Que lui reproche-t-on au juste? La question reste, pour l&#8217;heure, en suspens en attendant d&#8217;y voir plus clair. Le conseil des ministres s&#8217;est content\u00e9 lui de pr\u00e9ciser qu&#8217; iIl est mis fin \u00e0 ses fonctions.<\/p>\n<p>Nous vous proposons l\u2019int\u00e9gralit\u00e9 du communiqu\u00e9 final du gouvernement \u00e0 l\u2019issue de ce conseil des ministres.<\/p>\n<p>&nbsp;<\/p>\n<p>Le Conseil des Ministres s\u2019est r\u00e9uni le Mardi 1er octobre 2024, sous la Pr\u00e9sidence de Son Excellence Monsieur Mohamed Ould Cheikh El-Ghazouani, Pr\u00e9sident de la R\u00e9publique.<\/p>\n<p>Le Conseil a examin\u00e9 et adopt\u00e9 le projet de d\u00e9cret modifiant certaines dispositions du d\u00e9cret n\u00b0 93-106 du 23 octobre 1993 portant r\u00e9organisation de l\u2019Institut P\u00e9dagogique National (IPN).<\/p>\n<p>Ce projet de d\u00e9cret vise \u00e0 modifier l\u2019article n\u00b05 du d\u00e9cret 93.106 en date du 23 Octobre 1993 portant r\u00e9organisation de l\u2019institut P\u00e9dagogique National (IPN) afin de l\u2019adapter \u00e0 la derni\u00e8re restructuration gouvernementale.<\/p>\n<p>Le Ministre de la Formation Professionnelle, de l\u2019Artisanat et des M\u00e9tiers a pr\u00e9sent\u00e9 une communication relative \u00e0 l\u2019ouverture de l\u2019ann\u00e9e scolaire 2024-2025.<\/p>\n<p>Cette communication d\u00e9crit les conditions dans lesquelles s\u2019effectue l\u2019ann\u00e9e acad\u00e9mique 2024-2025 et les efforts fournis pour porter la capacit\u00e9 d\u2019accueil de notre syst\u00e8me de formation professionnelle \u00e0 19.260 places, dont 11.065 en formation dipl\u00f4mante et 6.300 en formation qualifiante. Soit une augmentation de 40% par rapport \u00e0 l\u2019ann\u00e9e 2023-2024, conform\u00e9ment \u00e0 l\u2019objectif fix\u00e9 dans le programme \u00ab Mon Ambition pour la Patrie \u00bb qui consiste \u00e0 offrir des opportunit\u00e9s de formation professionnelle \u00e0 115.000 jeunes pendant les cinq ann\u00e9es du second mandat de SEM le Pr\u00e9sident de la R\u00e9publique Mohamed Ould Cheikh El Ghazouani. Cette communication a \u00e9galement abord\u00e9 les besoins qui ont \u00e9t\u00e9 identifi\u00e9s et les perspectives \u00e0 court terme, permettant de garantir des performances optimales et de meilleurs r\u00e9sultats durant la prochaine ann\u00e9e acad\u00e9mique 2024-2025.<\/p>\n<p>Le Ministre de la Justice, Ministre des Affaires \u00c9trang\u00e8res, de la Coop\u00e9ration Africaine et des Mauritaniens de l\u2019Ext\u00e9rieur par int\u00e9rim, a pr\u00e9sent\u00e9 une communication relative \u00e0 la situation internationale.<\/p>\n<p>Le Ministre de l\u2019Int\u00e9rieur, de la Promotion de la D\u00e9centralisation et du D\u00e9veloppement Local a pr\u00e9sent\u00e9 une communication relative \u00e0 la situation int\u00e9rieure.<\/p>\n<p>Le Ministre de l\u2019\u00c9conomie et des Finances a pr\u00e9sent\u00e9 une communication relative au Document de la Programmation Budg\u00e9taire \u00e0 Moyen Terme (DPBMT) 2025-2027.<\/p>\n<p>Le Document de Programmation Budg\u00e9taire \u00e0 Moyen Terme (DPBMT) constitue le cadre de r\u00e9f\u00e9rence pour les orientations budg\u00e9taires fix\u00e9es pour les trois prochaines ann\u00e9es, afin d\u2019atteindre les objectifs d\u00e9finis dans le Programme \u00ab MON AMBITION POUR LA PATRIE \u00bb de SEM le Pr\u00e9sident de la R\u00e9publique Monsieur Mohamed Ould Cheikh El Ghazouani, ainsi que dans le plan d\u2019Action 2021-2025 de la Strat\u00e9gie de Croissance Acc\u00e9l\u00e9r\u00e9e et de Prosp\u00e9rit\u00e9 Partag\u00e9e (SCAPP).<\/p>\n<p>A cet effet, le Document de Programmation Budg\u00e9taire \u00e0 Moyen Terme (DPBMT) expose les perspectives d\u2019\u00e9volution \u00e0 moyen terme des principaux agr\u00e9gats de la politique budg\u00e9taire (recettes, d\u00e9penses, solde).<\/p>\n<p>Le Minist\u00e8re de l\u2019Enseignement Sup\u00e9rieur et de la Recherche Scientifique a pr\u00e9sent\u00e9 une communication relative \u00e0 l\u2019\u00e9tat d\u2019avancement des pr\u00e9paratifs pour la rentr\u00e9e universitaire 2024-2025.<\/p>\n<p>Cette communication pr\u00e9sente les principaux r\u00e9sultats de l\u2019ann\u00e9e universitaire 2023-2024, les r\u00e9alisations majeures du d\u00e9partement, les besoins identifi\u00e9s et les perspectives \u00e0 court terme, qui vont permettre de r\u00e9aliser des performances optimales et de meilleurs r\u00e9sultats lors de la prochaine ann\u00e9e universitaire 2024-2025.<\/p>\n<p>Le D\u00e9l\u00e9gu\u00e9 G\u00e9n\u00e9ral \u00e0 TAAZOUR a pr\u00e9sent\u00e9 une communication relative aux nouvelles orientations de la D\u00e9l\u00e9gation G\u00e9n\u00e9rale \u00e0 la Solidarit\u00e9 Nationale et \u00e0 la lutte contre l\u2019Exclusion.<\/p>\n<p>Cette communication a expos\u00e9, d\u2019une part, le bilan largement positif des activit\u00e9s de TAAZOUR depuis 2020, et d\u2019autres part, les contraintes rencontr\u00e9es ainsi qu\u2019une s\u00e9rie de recommandations permettant une meilleure mise en \u0153uvre des diff\u00e9rents programmes sociaux en cours d\u2019ex\u00e9cution.<\/p>\n<p>Enfin, le Conseil a pris la mesure individuelle suivante :<\/p>\n<p>Minist\u00e8re de l\u2019\u00c9conomie et des Finances<\/p>\n<p>Cabinet du Ministre<\/p>\n<p>\u2013 Inspection G\u00e9n\u00e9rale des Finances : Il est mis fin aux fonctions d\u2019Ahmed Samba Abdellahi Samba, inspecteur G\u00e9n\u00e9ral des Finances.<\/p>\n<p>Ami<\/p>\n","protected":false},"excerpt":{"rendered":"<p>Le conseil des ministres s\u2019est r\u00e9uni ce mardi, sous la Pr\u00e9sidence de Son Excellence Monsieur Mohamed Ould Cheikh El-Ghazouani, Pr\u00e9sident de la R\u00e9publique. Outre l\u2019examen et l\u2019adoption d\u2019un d\u00e9cret modifiant certaines dispositions du d\u00e9cret n\u00b0 93-106 du 23 octobre 1993 portant r\u00e9organisation de l\u2019Institut P\u00e9dagogique National (IPN) et une communication relative \u00e0 l\u2019ouverture de l\u2019ann\u00e9e &hellip;<\/p>\n","protected":false},"author":2,"featured_media":11724,"comment_status":"open","ping_status":"open","sticky":false,"template":"","format":"standard","meta":{"footnotes":""},"categories":[18,2],"tags":[],"class_list":["post-11723","post","type-post","status-publish","format-standard","has-post-thumbnail","hentry","category-actualites","category-economie"],"_links":{"self":[{"href":"https:\/\/ladepeche.mr\/index.php?rest_route=\/wp\/v2\/posts\/11723","targetHints":{"allow":["GET"]}}],"collection":[{"href":"https:\/\/ladepeche.mr\/index.php?rest_route=\/wp\/v2\/posts"}],"about":[{"href":"https:\/\/ladepeche.mr\/index.php?rest_route=\/wp\/v2\/types\/post"}],"author":[{"embeddable":true,"href":"https:\/\/ladepeche.mr\/index.php?rest_route=\/wp\/v2\/users\/2"}],"replies":[{"embeddable":true,"href":"https:\/\/ladepeche.mr\/index.php?rest_route=%2Fwp%2Fv2%2Fcomments&post=11723"}],"version-history":[{"count":4,"href":"https:\/\/ladepeche.mr\/index.php?rest_route=\/wp\/v2\/posts\/11723\/revisions"}],"predecessor-version":[{"id":11728,"href":"https:\/\/ladepeche.mr\/index.php?rest_route=\/wp\/v2\/posts\/11723\/revisions\/11728"}],"wp:featuredmedia":[{"embeddable":true,"href":"https:\/\/ladepeche.mr\/index.php?rest_route=\/wp\/v2\/media\/11724"}],"wp:attachment":[{"href":"https:\/\/ladepeche.mr\/index.php?rest_route=%2Fwp%2Fv2%2Fmedia&parent=11723"}],"wp:term":[{"taxonomy":"category","embeddable":true,"href":"https:\/\/ladepeche.mr\/index.php?rest_route=%2Fwp%2Fv2%2Fcategories&post=11723"},{"taxonomy":"post_tag","embeddable":true,"href":"https:\/\/ladepeche.mr\/index.php?rest_route=%2Fwp%2Fv2%2Ftags&post=11723"}],"curies":[{"name":"wp","href":"https:\/\/api.w.org\/{rel}","templated":true}]}}