{"id":11732,"date":"2024-10-02T13:20:11","date_gmt":"2024-10-02T13:20:11","guid":{"rendered":"https:\/\/ladepeche.mr\/?p=11732"},"modified":"2024-10-02T13:20:11","modified_gmt":"2024-10-02T13:20:11","slug":"le-president-de-la-republique-president-de-lua-se-rend-en-france-pour-participer-au-19e-sommet-de-la-francophonie","status":"publish","type":"post","link":"https:\/\/ladepeche.mr\/?p=11732","title":{"rendered":"Le Pr\u00e9sident de la R\u00e9publique, Pr\u00e9sident de l\u2019UA se rend en France pour participer au 19e Sommet de la Francophonie"},"content":{"rendered":"<p>Son excellence le Pr\u00e9sident de la R\u00e9publique, M. Mohamed Ould Cheikh El Ghazouani, Pr\u00e9sident en exercice de l\u2019Union Africaine (UA), a quitt\u00e9 Nouakchott, aujourd\u2019hui, mercredi matin, \u00e0 destination de Tripoli<\/p>\n<p>Son Excellence le Pr\u00e9sident de la R\u00e9publique a \u00e9t\u00e9 salu\u00e9 \u00e0 son d\u00e9part de l\u2019A\u00e9roport International de Nouachott-Oumtounsi par le Premier ministre M. Mokhtar Ould Diay, le secr\u00e9taire g\u00e9n\u00e9ral de la Pr\u00e9sidence de la R\u00e9publique, les deux ministres conseillers \u00e0 la Pr\u00e9sidence de la R\u00e9publique, des membres du gouvernement, le chef d\u2019\u00e9tat-major particulier du Pr\u00e9sident de la R\u00e9publique, la directrice adjointe de cabinet du Pr\u00e9sident de la R\u00e9publique, le wali de Nouakchott-Ouest et la vice-pr\u00e9sidente de la R\u00e9gion de Nouakchott.<\/p>\n<p>Au cours de ce voyage, Son Excellence le Pr\u00e9sident de la R\u00e9publique est accompagn\u00e9 d\u2019une importante d\u00e9l\u00e9gation comprenant MM :<\/p>\n<p>\u2013 Nani Ould Chrougha, ministre charg\u00e9 de cabinet du Pr\u00e9sident de la R\u00e9publique ;<\/p>\n<p>\u2013 Mohamed Salem Ould Merzoug, ministre des Affaires \u00e9trang\u00e8res, de la Coop\u00e9ration africaine et des Mauritaniens de l\u2019Ext\u00e9rieur<\/p>\n<p>\u2013 Mohamed Yahya Ould Te\u00efss, ambassadeur de la Mauritanie en France<\/p>\n<p>\u2013 Moulaty Mint El Mokhtar, repr\u00e9sentante permanente de la Mauritanie aupr\u00e8s de l\u2019Unesco<\/p>\n<p>\u2013 Coumba Ba, conseill\u00e8re \u00e0 la Pr\u00e9sidence de la R\u00e9publique, envoy\u00e9e sp\u00e9ciale aupr\u00e8s de la Francophonie<\/p>\n<p>\u2013 El Hacen Ould Ahmed, directeur g\u00e9n\u00e9ral du protocole d\u2019Etat.<\/p>\n<p>Ami<\/p>\n","protected":false},"excerpt":{"rendered":"<p>Son excellence le Pr\u00e9sident de la R\u00e9publique, M. Mohamed Ould Cheikh El Ghazouani, Pr\u00e9sident en exercice de l\u2019Union Africaine (UA), a quitt\u00e9 Nouakchott, aujourd\u2019hui, mercredi matin, \u00e0 destination de Tripoli Son Excellence le Pr\u00e9sident de la R\u00e9publique a \u00e9t\u00e9 salu\u00e9 \u00e0 son d\u00e9part de l\u2019A\u00e9roport International de Nouachott-Oumtounsi par le Premier ministre M. Mokhtar Ould &hellip;<\/p>\n","protected":false},"author":2,"featured_media":11730,"comment_status":"open","ping_status":"open","sticky":false,"template":"","format":"standard","meta":{"footnotes":""},"categories":[18,29],"tags":[],"class_list":["post-11732","post","type-post","status-publish","format-standard","has-post-thumbnail","hentry","category-actualites","category-monde"],"_links":{"self":[{"href":"https:\/\/ladepeche.mr\/index.php?rest_route=\/wp\/v2\/posts\/11732","targetHints":{"allow":["GET"]}}],"collection":[{"href":"https:\/\/ladepeche.mr\/index.php?rest_route=\/wp\/v2\/posts"}],"about":[{"href":"https:\/\/ladepeche.mr\/index.php?rest_route=\/wp\/v2\/types\/post"}],"author":[{"embeddable":true,"href":"https:\/\/ladepeche.mr\/index.php?rest_route=\/wp\/v2\/users\/2"}],"replies":[{"embeddable":true,"href":"https:\/\/ladepeche.mr\/index.php?rest_route=%2Fwp%2Fv2%2Fcomments&post=11732"}],"version-history":[{"count":1,"href":"https:\/\/ladepeche.mr\/index.php?rest_route=\/wp\/v2\/posts\/11732\/revisions"}],"predecessor-version":[{"id":11733,"href":"https:\/\/ladepeche.mr\/index.php?rest_route=\/wp\/v2\/posts\/11732\/revisions\/11733"}],"wp:featuredmedia":[{"embeddable":true,"href":"https:\/\/ladepeche.mr\/index.php?rest_route=\/wp\/v2\/media\/11730"}],"wp:attachment":[{"href":"https:\/\/ladepeche.mr\/index.php?rest_route=%2Fwp%2Fv2%2Fmedia&parent=11732"}],"wp:term":[{"taxonomy":"category","embeddable":true,"href":"https:\/\/ladepeche.mr\/index.php?rest_route=%2Fwp%2Fv2%2Fcategories&post=11732"},{"taxonomy":"post_tag","embeddable":true,"href":"https:\/\/ladepeche.mr\/index.php?rest_route=%2Fwp%2Fv2%2Ftags&post=11732"}],"curies":[{"name":"wp","href":"https:\/\/api.w.org\/{rel}","templated":true}]}}