{"id":11735,"date":"2024-10-02T13:54:04","date_gmt":"2024-10-02T13:54:04","guid":{"rendered":"https:\/\/ladepeche.mr\/?p=11735"},"modified":"2024-10-02T13:54:04","modified_gmt":"2024-10-02T13:54:04","slug":"comment-lescalade-iran-israel-ebranle-les-marches-mondiaux","status":"publish","type":"post","link":"https:\/\/ladepeche.mr\/?p=11735","title":{"rendered":"Comment l\u2019escalade Iran-Isra\u00ebl \u00e9branle les march\u00e9s mondiaux"},"content":{"rendered":"<p>Les march\u00e9s mondiaux sont nerveux face \u00e0 l\u2019escalade soudaine des tensions au Moyen-Orient, mais les investisseurs sont invit\u00e9s \u00e0 rester calmes, \u00e0 conserver leurs investissements et \u00e0 veiller \u00e0 ce que leurs portefeuilles soient diversifi\u00e9s.<\/p>\n<p>Les tirs de missiles iraniens contre Isra\u00ebl, en repr\u00e9sailles \u00e0 l\u2019assassinat du chef du Hezbollah Hassan Nasrallah, ont accru les craintes d\u2019un conflit r\u00e9gional plus large.<\/p>\n<p>&nbsp;<\/p>\n<p>L\u2019indice actions mondiales MSCI a enregistr\u00e9 des pertes suite \u00e0 l\u2019actualit\u00e9.<\/p>\n<p>Nigel Green, PDG du groupe deVere, l\u2019une des plus grandes organisations ind\u00e9pendantes de conseil financier et de gestion d\u2019actifs au monde, d\u00e9clare : \u00ab Alors qu\u2019Isra\u00ebl s\u2019engage \u00e0 r\u00e9pondre fermement, le risque d\u2019une plus grande instabilit\u00e9 augmente la volatilit\u00e9 sur les march\u00e9s mondiaux.<\/p>\n<p>\u00ab L\u2019incertitude g\u00e9opolitique au Moyen-Orient, une plaque tournante essentielle pour la production mondiale d\u2019\u00e9nergie et les routes commerciales, est un d\u00e9clencheur bien connu de perturbation du march\u00e9. \u00bb<\/p>\n<p>\u00ab Imm\u00e9diatement apr\u00e8s les attentats, les investisseurs recherchent des actifs plus s\u00fbrs dans une fuite vers la s\u00e9curit\u00e9, alors qu&#8217;ils r\u00e9\u00e9valuent les risques \u00e0 la lumi\u00e8re d&#8217;une nouvelle escalade potentielle.<\/p>\n<p>&nbsp;<\/p>\n<p>&#8220;L&#8217;indice du dollar est en hausse et l&#8217;or a bondi d&#8217;environ 1%, alors que les investisseurs s&#8217;\u00e9loignent des actifs plus risqu\u00e9s tels que les actions et les actions des march\u00e9s \u00e9mergents&#8221;, affirme le PDG de DeVere.<\/p>\n<p>\u00ab Les rendements des bons du Tr\u00e9sor am\u00e9ricain et d\u2019autres obligations d\u2019\u00c9tat vont probablement chuter \u00e0 mesure que la demande augmente, ce qui poussera les prix \u00e0 la hausse. Les bons du Tr\u00e9sor am\u00e9ricain, en particulier, sont consid\u00e9r\u00e9s comme l\u2019un des endroits les plus s\u00fbrs pour placer de l\u2019argent en p\u00e9riode de troubles g\u00e9opolitiques, et cette tendance devrait se poursuivre \u00e0 mesure que les tensions s\u2019accentuent.<\/p>\n<p>Les march\u00e9s boursiers mondiaux devraient \u00eatre confront\u00e9s \u00e0 une volatilit\u00e9 accrue dans les prochains jours \u00e0 mesure que la situation \u00e9volue.<\/p>\n<p>\u00ab Les secteurs cl\u00e9s tr\u00e8s sensibles aux risques g\u00e9opolitiques, tels que l\u2019\u00e9nergie et la d\u00e9fense, devraient conna\u00eetre une activit\u00e9 accrue. Les prix du p\u00e9trole ont d\u00e9j\u00e0 commenc\u00e9 \u00e0 augmenter \u2013 d&#8217;environ 3 % \u2013 en raison des inqui\u00e9tudes concernant les ruptures d&#8217;approvisionnement en provenance du Moyen-Orient, ce qui pourrait avoir des r\u00e9percussions importantes sur l&#8217;inflation et la croissance \u00e9conomique.\u00bb<\/p>\n<p>&nbsp;<\/p>\n<p>Toutefois, ces premi\u00e8res turbulences ne signifient pas que les investisseurs doivent paniquer.<\/p>\n<p>Nigel Green poursuit : \u00ab M\u00eame si les march\u00e9s peuvent conna\u00eetre des turbulences temporaires, l\u2019histoire nous enseigne que de tels chocs g\u00e9opolitiques sont souvent de courte dur\u00e9e, les prix se stabilisant \u00e0 mesure que la situation se pr\u00e9cise.<\/p>\n<p>\u00ab\u00a0R\u00e9agir avec \u00e9motion et prendre des d\u00e9cisions impulsives lors des fluctuations du march\u00e9 peut nuire aux objectifs financiers \u00e0 long terme. Vendre des investissements dans le feu de l\u2019action bloque les pertes et emp\u00eache les investisseurs de b\u00e9n\u00e9ficier d\u2019\u00e9ventuelles reprises des march\u00e9s.<\/p>\n<p>Au lieu de cela, note-t-il, il est important de garder une perspective.<\/p>\n<p>\u00ab La volatilit\u00e9 fait partie int\u00e9grante de l&#8217;investissement, et m\u00eame si les crises g\u00e9opolitiques peuvent \u00e9branler les march\u00e9s \u00e0 court terme, la tendance haussi\u00e8re \u00e0 long terme du march\u00e9 a toujours pr\u00e9valu. Rester investi pendant les p\u00e9riodes de volatilit\u00e9 garantit que les investisseurs seront en mesure de b\u00e9n\u00e9ficier du retour de la stabilit\u00e9.<\/p>\n<p>Une strat\u00e9gie cl\u00e9 pour g\u00e9rer les risques de volatilit\u00e9 g\u00e9opolitique est la diversification. En r\u00e9partissant les investissements sur diff\u00e9rentes classes d&#8217;actifs (telles que les actions, les obligations, les mati\u00e8res premi\u00e8res et les devises), ainsi que sur les secteurs et les zones g\u00e9ographiques, les investisseurs peuvent att\u00e9nuer l&#8217;impact d&#8217;un \u00e9v\u00e9nement unique sur leur portefeuille global.<\/p>\n<p>M\u00eame si de tels \u00e9v\u00e9nements g\u00e9opolitiques peuvent entra\u00eener une volatilit\u00e9 \u00e0 court terme, la meilleure solution consiste \u00e0 se concentrer sur le long terme.<\/p>\n<p>&#8220;Les investisseurs qui maintiennent une approche disciplin\u00e9e de leurs portefeuilles, assurent une diversification appropri\u00e9e et \u00e9vitent les prises de d\u00e9cisions \u00e9motionnelles sont plus susceptibles de sortir des p\u00e9riodes d&#8217;incertitude avec leurs objectifs financiers intacts&#8221;, commente le directeur g\u00e9n\u00e9ral du groupe deVere.<\/p>\n<p>Une approche calme et mesur\u00e9e de l\u2019investissement \u2013 \u200b\u200brester investi, rester diversifi\u00e9 et se concentrer sur les objectifs \u00e0 long terme \u2013 sera cruciale pour faire face \u00e0 la situation actuelle.<\/p>\n<p>\u00ab Les march\u00e9s mondiaux seront \u00e9branl\u00e9s par les d\u00e9veloppements entre l\u2019Iran et Isra\u00ebl. Mais les investisseurs chevronn\u00e9s connaissent la r\u00e8gle : restez calme, restez investi, faites confiance \u00e0 votre portefeuille diversifi\u00e9 \u2013 et ce devrait \u00eatre exactement cela \u2013 pour faire son travail.<\/p>\n<p>e:\u00a0<a href=\"mailto:george@priorconsultancy.co.uk\">george@priorconsultancy.co.uk<\/a><\/p>\n<p>t: +44 207 1220 925<\/p>\n<p>Twitter: @PriorConsults<\/p>\n<p>traduction<\/p>\n","protected":false},"excerpt":{"rendered":"<p>Les march\u00e9s mondiaux sont nerveux face \u00e0 l\u2019escalade soudaine des tensions au Moyen-Orient, mais les investisseurs sont invit\u00e9s \u00e0 rester calmes, \u00e0 conserver leurs investissements et \u00e0 veiller \u00e0 ce que leurs portefeuilles soient diversifi\u00e9s. Les tirs de missiles iraniens contre Isra\u00ebl, en repr\u00e9sailles \u00e0 l\u2019assassinat du chef du Hezbollah Hassan Nasrallah, ont accru les &hellip;<\/p>\n","protected":false},"author":2,"featured_media":11736,"comment_status":"open","ping_status":"open","sticky":false,"template":"","format":"standard","meta":{"footnotes":""},"categories":[18,29],"tags":[],"class_list":["post-11735","post","type-post","status-publish","format-standard","has-post-thumbnail","hentry","category-actualites","category-monde"],"_links":{"self":[{"href":"https:\/\/ladepeche.mr\/index.php?rest_route=\/wp\/v2\/posts\/11735","targetHints":{"allow":["GET"]}}],"collection":[{"href":"https:\/\/ladepeche.mr\/index.php?rest_route=\/wp\/v2\/posts"}],"about":[{"href":"https:\/\/ladepeche.mr\/index.php?rest_route=\/wp\/v2\/types\/post"}],"author":[{"embeddable":true,"href":"https:\/\/ladepeche.mr\/index.php?rest_route=\/wp\/v2\/users\/2"}],"replies":[{"embeddable":true,"href":"https:\/\/ladepeche.mr\/index.php?rest_route=%2Fwp%2Fv2%2Fcomments&post=11735"}],"version-history":[{"count":1,"href":"https:\/\/ladepeche.mr\/index.php?rest_route=\/wp\/v2\/posts\/11735\/revisions"}],"predecessor-version":[{"id":11737,"href":"https:\/\/ladepeche.mr\/index.php?rest_route=\/wp\/v2\/posts\/11735\/revisions\/11737"}],"wp:featuredmedia":[{"embeddable":true,"href":"https:\/\/ladepeche.mr\/index.php?rest_route=\/wp\/v2\/media\/11736"}],"wp:attachment":[{"href":"https:\/\/ladepeche.mr\/index.php?rest_route=%2Fwp%2Fv2%2Fmedia&parent=11735"}],"wp:term":[{"taxonomy":"category","embeddable":true,"href":"https:\/\/ladepeche.mr\/index.php?rest_route=%2Fwp%2Fv2%2Fcategories&post=11735"},{"taxonomy":"post_tag","embeddable":true,"href":"https:\/\/ladepeche.mr\/index.php?rest_route=%2Fwp%2Fv2%2Ftags&post=11735"}],"curies":[{"name":"wp","href":"https:\/\/api.w.org\/{rel}","templated":true}]}}