{"id":11753,"date":"2024-10-04T16:10:19","date_gmt":"2024-10-04T16:10:19","guid":{"rendered":"https:\/\/ladepeche.mr\/?p=11753"},"modified":"2024-10-04T16:10:19","modified_gmt":"2024-10-04T16:10:19","slug":"suite-a-des-audios-virulents-dinjures-contre-le-president-ahmed-ould-samba-mis-aux-arrets","status":"publish","type":"post","link":"https:\/\/ladepeche.mr\/?p=11753","title":{"rendered":"Suite \u00e0 des audios virulents d&#8217;injures contre le pr\u00e9sident: Ahmed Ould Samba mis aux arr\u00eats"},"content":{"rendered":"<p>Ahmed Ould Samba a \u00e9t\u00e9 arr\u00eat\u00e9 par la gendarmerie et transf\u00e9r\u00e9 \u00e0 Rosso, ville o\u00f9 il a ses attaches, a-t-on appris de plusieurs sources concordantes.<\/p>\n<p>Le dernier conseil des ministres, rappelle-t-on, d\u00e9mettait, sans autre forme de proc\u00e8s, Ahmed Ould Samba, inspecteur des finances. Ce limogeage en conseil des ministres fait suite \u00e0 des audios et vid\u00e9os sur la toile que l\u2019int\u00e9ress\u00e9 signe entrant dans une dissidence pour le moins inattendue avec le r\u00e9gime en place.<\/p>\n<p>La virulence des propos et des accusations contre le pr\u00e9sident et quelques membres de son gouvernement tranchent -\u00e0 nos yeux- avec l\u2019attitude dont faisait montre jusqu\u2019ici l\u2019ancien inspecteur des finances, un ancien alli\u00e9 du pr\u00e9sident Massaoud Ould Boulkheir, pr\u00e9sident de l\u2019APP.<\/p>\n<p>Ahmed Ould Samba qui n\u2019a pas m\u00e9nag\u00e9 Tasiazt dans sa sortie en audio n\u2019est pas parti du dos de la cuill\u00e8re s\u2019en prenant au pr\u00e9sident et \u00e0 son entourage familial et politique.<\/p>\n<p>Si l\u2019on se demandait hier ce qui justifiait les foudres contre lui, lors du dernier conseil des ministres, Ahmed Ould Samba, inscrit dans une provocation directe avec le Pouvoir, par l\u2019injure et les all\u00e9gations contre le r\u00e9gime, semble bien avoir pr\u00e9m\u00e9dit\u00e9 la tournure que prennent aujourd\u2019hui les \u00e9v\u00e9nements avec son arrestation. Certains analystes estiment qu\u2019il inaugure ici un \u00ab\u00a0combat\u00a0\u00bb \u00e0 la Biram Dah Abeid. Ces sources l\u2019accuseraient de vouloir gravir vite les \u00e9chelons en se pr\u00e9sentant comme le \u00ab\u00a0nouveau loup\u00a0\u00bb de la cause haratine.<\/p>\n<p>D\u2019autres expliquent ce bas de fer avec les autorit\u00e9s politiques par un coup d\u2019acc\u00e9l\u00e9rateur que l\u2019int\u00e9ress\u00e9 souhaiterait donner \u00e0 sa r\u00e9cente formation politique\u00a0; d\u2019ailleurs toujours en gestation. Ancien porte-parole du candidat Sidi Ould Cheikh Abdallahi lors de la pr\u00e9sidentielle de 2007, Ahmed Ould Samba a crois\u00e9 ses premi\u00e8res armes au sein du parti Alliance Populaire progressiste (APP) dont il a \u00e9t\u00e9 candidat lors de plusieurs reprises consultations avant de prendre ses distances de son principal mentor, Massaoud Ould Boulheir.<\/p>\n<p>Qu&#8217;il l&#8217;ait voulu ou pas, Ahmed Samba h\u00e9rite d&#8217;un bapt\u00eame de feu. Son arrestation fait d\u00e9j\u00e0 du boucan sur la toile. Il occupe ainsi un terrain laiss\u00e9 vide par toute opposition dans le pays.<\/p>\n","protected":false},"excerpt":{"rendered":"<p>Ahmed Ould Samba a \u00e9t\u00e9 arr\u00eat\u00e9 par la gendarmerie et transf\u00e9r\u00e9 \u00e0 Rosso, ville o\u00f9 il a ses attaches, a-t-on appris de plusieurs sources concordantes. Le dernier conseil des ministres, rappelle-t-on, d\u00e9mettait, sans autre forme de proc\u00e8s, Ahmed Ould Samba, inspecteur des finances. Ce limogeage en conseil des ministres fait suite \u00e0 des audios et &hellip;<\/p>\n","protected":false},"author":2,"featured_media":11754,"comment_status":"open","ping_status":"open","sticky":false,"template":"","format":"standard","meta":{"footnotes":""},"categories":[18,31],"tags":[],"class_list":["post-11753","post","type-post","status-publish","format-standard","has-post-thumbnail","hentry","category-actualites","category-politique-et-reportages"],"_links":{"self":[{"href":"https:\/\/ladepeche.mr\/index.php?rest_route=\/wp\/v2\/posts\/11753","targetHints":{"allow":["GET"]}}],"collection":[{"href":"https:\/\/ladepeche.mr\/index.php?rest_route=\/wp\/v2\/posts"}],"about":[{"href":"https:\/\/ladepeche.mr\/index.php?rest_route=\/wp\/v2\/types\/post"}],"author":[{"embeddable":true,"href":"https:\/\/ladepeche.mr\/index.php?rest_route=\/wp\/v2\/users\/2"}],"replies":[{"embeddable":true,"href":"https:\/\/ladepeche.mr\/index.php?rest_route=%2Fwp%2Fv2%2Fcomments&post=11753"}],"version-history":[{"count":1,"href":"https:\/\/ladepeche.mr\/index.php?rest_route=\/wp\/v2\/posts\/11753\/revisions"}],"predecessor-version":[{"id":11755,"href":"https:\/\/ladepeche.mr\/index.php?rest_route=\/wp\/v2\/posts\/11753\/revisions\/11755"}],"wp:featuredmedia":[{"embeddable":true,"href":"https:\/\/ladepeche.mr\/index.php?rest_route=\/wp\/v2\/media\/11754"}],"wp:attachment":[{"href":"https:\/\/ladepeche.mr\/index.php?rest_route=%2Fwp%2Fv2%2Fmedia&parent=11753"}],"wp:term":[{"taxonomy":"category","embeddable":true,"href":"https:\/\/ladepeche.mr\/index.php?rest_route=%2Fwp%2Fv2%2Fcategories&post=11753"},{"taxonomy":"post_tag","embeddable":true,"href":"https:\/\/ladepeche.mr\/index.php?rest_route=%2Fwp%2Fv2%2Ftags&post=11753"}],"curies":[{"name":"wp","href":"https:\/\/api.w.org\/{rel}","templated":true}]}}