{"id":11756,"date":"2024-10-04T16:49:13","date_gmt":"2024-10-04T16:49:13","guid":{"rendered":"https:\/\/ladepeche.mr\/?p=11756"},"modified":"2024-10-04T16:49:36","modified_gmt":"2024-10-04T16:49:36","slug":"france-ouverture-du-xixe-sommet-de-la-francophonie-en-presence-de-nombreux-dirigeants-africains","status":"publish","type":"post","link":"https:\/\/ladepeche.mr\/?p=11756","title":{"rendered":"France: ouverture du XIXe sommet de la Francophonie en pr\u00e9sence de nombreux dirigeants africains"},"content":{"rendered":"<p class=\"t-content__chapo\">Pendant deux jours, plusieurs dizaines de chefs d\u2019\u00c9tat et de gouvernement issus des pays membres de l&#8217;Organisation internationale de la Francophonie (OIF) vont se retrouver en France pour parler de l\u2019avenir de la langue fran\u00e7aise et des grandes crises internationales du moment. Un \u00e9v\u00e9nement qui a lieu tous les deux ans, et que l&#8217;Hexagone n&#8217;avait plus accueilli depuis 33 ans et auquel de tr\u00e8s nombreux dirigeants africains sont attendus.<\/p>\n<div class=\"t-content__dates t-content__dates--reading-time\">\n<p>C&#8217;est une premi\u00e8re depuis 33 ans : ce vendredi 4 et ce samedi 5 octobre, la\u00a0<strong><a class=\"gtm-add-suggested-tag\" href=\"https:\/\/www.rfi.fr\/fr\/tag\/france\/\" target=\"_self\" rel=\"noopener\">France<\/a><\/strong>\u00a0accueille le XIXe sommet de la\u00a0<strong><a class=\"gtm-add-suggested-tag\" href=\"https:\/\/www.rfi.fr\/fr\/tag\/francophonie\/\" target=\"_self\" rel=\"noopener\">Francophonie<\/a><\/strong>, un \u00e9v\u00e9nement auquel bon nombre de chefs d&#8217;\u00c9tat et de gouvernement des pays membres de l&#8217;Organisation internationale de la Francophonie (OIF)\u00a0sont attendus. L&#8217;OIF est aujourd&#8217;hui forte de 88 membres qui se fixent pour ambition commune de promouvoir la langue fran\u00e7aise partout dans le monde. Le fran\u00e7ais est aujourd&#8217;hui parl\u00e9 par 320 millions de personnes sur la plan\u00e8te, ce qui en fait la cinqui\u00e8me langue la plus parl\u00e9e, et le nombre de ses locuteurs pourrait doubler d&#8217;ici 2050. L&#8217;OIF devrait officiellement accueillir \u00e0 cette occasion deux nouveaux membres de plein droit &#8211; le Ghana et Chypre &#8211; alors que l&#8217;Angola devrait quant \u00e0 lui officiellement int\u00e9grer l&#8217;organisation avec le statut d&#8217;observateur.<\/p>\n<p>Tous les dirigeants qui ont confirm\u00e9 leur participation ont d&#8217;abord rendez-vous, en fin de matin\u00e9e, au ch\u00e2teau de Villers-Cotter\u00eats, dans le nord de la France, \u00e0 la Cit\u00e9 internationale de la langue fran\u00e7aise, pour une premi\u00e8re journ\u00e9e ax\u00e9e sur le num\u00e9rique et la culture avec pour th\u00e8me cette ann\u00e9e : \u00ab\u00a0<em>Cr\u00e9er, innover et entreprendre en fran\u00e7ais<\/em>\u00a0\u00bb. Elle s&#8217;ach\u00e8vera dans la soir\u00e9e \u00e0 Paris avec un d\u00eener au palais de l&#8217;\u00c9lys\u00e9e. La journ\u00e9e de samedi sera marqu\u00e9e par le vrai temps fort de la manifestation. Dans le cadre d&#8217;une s\u00e9quence plus politique au Grand Palais, les chefs d&#8217;\u00c9tat et de gouvernement se r\u00e9uniront \u00e0 huis clos autour d&#8217;<strong><a class=\"gtm-add-suggested-tag\" href=\"https:\/\/www.rfi.fr\/fr\/tag\/emmanuel-macron\/\" target=\"_self\" rel=\"noopener\">Emmanuel Macron<\/a><\/strong>\u00a0pour \u00e9voquer\u00a0les grandes crises internationales du moment, \u00e0 commencer par celle au Moyen-Orient o\u00f9 le Liban &#8211; lui-m\u00eame membre de l&#8217;OIF &#8211; est la cible d&#8217;attaques isra\u00e9liennes, tandis que l&#8217;escalade entre l&#8217;\u00c9tat h\u00e9breu et l&#8217;Iran fait craindre un embrasement de toute la r\u00e9gion.<\/p>\n<h2>L&#8217;absence des \u00c9tats sah\u00e9liens et la situation dans l&#8217;est de la RDC au menu des discussions<\/h2>\n<p>Ils seront finalement un peu moins nombreux qu&#8217;attendus, mais tout de m\u00eame, 19 chefs d&#8217;\u00c9tat sont seront l\u00e0, dont le Congolais F\u00e9lix Tshisekedi, pr\u00e9sident de la RDC, le plus grand pays francophone au monde, le roi du Cambodge, Norodom Sihamoni, ou encore le pr\u00e9sident roumain Klaus Werner Iohannis. Ainsi que quatre vice-pr\u00e9sidents et dix Premiers ministres, dont Justin Trudeau, le chef du gouvernement canadien.<\/p>\n<p>Les discussions devraient s&#8217;attarder sur plusieurs dossiers africains. Alors que seuls quelques rares dirigeants du continent manqueront \u00e0 l&#8217;appel &#8211; le S\u00e9n\u00e9galais\u00a0<strong><a class=\"gtm-add-suggested-tag\" href=\"https:\/\/www.rfi.fr\/fr\/tag\/bassirou-diomaye-faye\/\" target=\"_self\" rel=\"noopener\">Bassirou Diomaye Faye<\/a><\/strong>, le Congolais Denis Sassou-Nguesso ou encore le roi du Maroc, Mohamed VI, dont la venue avait pourtant \u00e9t\u00e9 un temps pressentie -, il devrait notamment \u00eatre question de l&#8217;absence des \u00c9tats sah\u00e9liens, actuellement suspendus de l&#8217;organisation. Ils ont pourtant bien \u00ab\u00a0<em>vocation \u00e0 rejoindre la Francophonie<\/em>\u00a0\u00bb, confie une source diplomatique qui explique que \u00ab\u00a0<em>quand les pays ont un dialogue positif avec la Francophonie pour sortir de la transition, qu&#8217;ils ont un cap avec un chronogramme, et que des \u00e9tapes sont effectivement remplies, ces pays reviennent dans la famille de la Francophonie\u00a0<\/em>\u00bb. \u00c0 ce titre, la r\u00e9int\u00e9gration r\u00e9cente de la Guin\u00e9e peut \u00eatre per\u00e7ue comme un signal qui leur est adress\u00e9.<\/p>\n<p>Parmi les autres grands sujets \u00e0 l&#8217;ordre du jour, il y aura aussi la situation dans l&#8217;est de la RDC sur laquelle Emmanuel Macron va tenter de peser. Le pr\u00e9sident fran\u00e7ais doit s&#8217;entretenir en amont avec son homologue congolais\u00a0<strong><a class=\"gtm-add-suggested-tag\" href=\"https:\/\/www.rfi.fr\/fr\/tag\/f%C3%A9lix-tshisekedi\/\" target=\"_self\" rel=\"noopener\">F\u00e9lix Tshisekedi<\/a><\/strong>\u00a0ce vendredi matin, et demain samedi avec son homologue rwandais Paul Kagam\u00e9. Objectif : favoriser un accord qui puisse permettre, \u00e0 terme, une d\u00e9sescalade dans la r\u00e9gion.<\/p>\n<h2>Une tribune pour un Emmanuel Macron en qu\u00eate d&#8217;un nouveau r\u00f4le<\/h2>\n<p>Alors qu&#8217;il\u00a0n&#8217;a plus la main sur la politique int\u00e9rieure fran\u00e7aise &#8211; la nomination de\u00a0<strong><a class=\"gtm-add-suggested-tag\" href=\"https:\/\/www.rfi.fr\/fr\/tag\/michel-barnier\/\" target=\"_self\" rel=\"noopener\">Michel Barnier<\/a><\/strong>\u00a0\u00e0 Matignon l&#8217;a contraint \u00e0 se replier sur les affaires internationales et la d\u00e9fense, ses domaines r\u00e9serv\u00e9s -, Emmanuel Macron entend faire de ce XIXe sommet de la Francophonie une tribune,\u00a0un levier, pour l&#8217;action diplomatique de la France, mais aussi une \u00e9tape dans la construction de son nouveau r\u00f4le au sein de l&#8217;ex\u00e9cutif. Le\u00a0choix du ch\u00e2teau de Villers-Cotter\u00eats pour lancer le sommet ne doit rien au hasard. C&#8217;est m\u00eame tout un symbole : le chef de l&#8217;\u00c9tat va recevoir ses h\u00f4tes dans\u00a0<strong><a href=\"https:\/\/www.rfi.fr\/fr\/culture\/20231030-francophonie-la-langue-fran%C3%A7aise-prend-ses-quartiers-au-ch%C3%A2teau-de-villers-cotter%C3%AAts\" target=\"_self\" rel=\"noopener\">un \u00e9difice dont il a fait sa grande \u0153uvre culturelle<\/a><\/strong>\u00a0&#8211; c&#8217;est lui qui en a souhait\u00e9 la restauration &#8211; et o\u00f9, en 1539, Fran\u00e7ois Ier a sign\u00e9 l&#8217;ordonnance imposant l&#8217;usage du fran\u00e7ais \u00e0 la place du latin dans tous les actes de l&#8217;administration et de la justice du royaume de France.<\/p>\n<p>Malgr\u00e9 ses atouts r\u00e9els, le fran\u00e7ais est en d\u00e9clin, \u00e0 travers le monde. La langue est moins parl\u00e9e dans certains de ses bastions historiques, comme le Liban et l&#8217;\u00c9gypte. Au Sahel, elle est depuis peu rel\u00e9gu\u00e9e au second plan, comme l&#8217;explique Christel Dior Tam\u00e9gui, chercheur en science politique.<\/p>\n<p>Le Niger, le Burkina Faso et le Mali poursuivent un mouvement d\u00e9j\u00e0 engag\u00e9 par d&#8217;autres \u00c9tats comme le Rwanda ou l&#8217;Alg\u00e9rie. \u00c0 c\u00f4t\u00e9 de \u00e7a, la Francophonie est, depuis des ann\u00e9es, en perte de vitesse. Deux de ses membres historiques, le Gabon et le Togo, ont rejoint il y a deux ans le Commonwealth. Pour certains observateurs, l&#8217;Organisation internationale de la Francophonie tend m\u00eame \u00e0 devenir invisible. Pas simple d&#8217;exister, il est vrai, avec un budget d&#8217;\u00e0 peine 64 millions d&#8217;euros. La ligne suivie par cette organisation cens\u00e9e promouvoir la paix, la d\u00e9mocratie et les droits de l&#8217;homme est aussi parfois illisible. Comment comprendre l&#8217;annonce r\u00e9cente de la r\u00e9int\u00e9gration de la Guin\u00e9e, alors que le pays est toujours suspendu de l&#8217;Union africaine\u00a0? Selon un expert, l&#8217;OIF appara\u00eet encore trop comme le bras diplomatique de la France.<\/p>\n<p>Au-del\u00e0, l&#8217;organisation souffre sans doute aussi de l&#8217;affaiblissement g\u00e9n\u00e9ral des organisations internationales et du multilat\u00e9ralisme. Ce sujet de la crise du multilat\u00e9ralisme sera justement le th\u00e8me, samedi, du huis clos entre les dirigeants r\u00e9unis \u00e0 Paris.<\/p>\n<p>RFI<\/p>\n<p>Photo Google<\/p>\n<\/div>\n","protected":false},"excerpt":{"rendered":"<p>Pendant deux jours, plusieurs dizaines de chefs d\u2019\u00c9tat et de gouvernement issus des pays membres de l&#8217;Organisation internationale de la Francophonie (OIF) vont se retrouver en France pour parler de l\u2019avenir de la langue fran\u00e7aise et des grandes crises internationales du moment. Un \u00e9v\u00e9nement qui a lieu tous les deux ans, et que l&#8217;Hexagone n&#8217;avait &hellip;<\/p>\n","protected":false},"author":2,"featured_media":11757,"comment_status":"open","ping_status":"open","sticky":false,"template":"","format":"standard","meta":{"footnotes":""},"categories":[18,29],"tags":[],"class_list":["post-11756","post","type-post","status-publish","format-standard","has-post-thumbnail","hentry","category-actualites","category-monde"],"_links":{"self":[{"href":"https:\/\/ladepeche.mr\/index.php?rest_route=\/wp\/v2\/posts\/11756","targetHints":{"allow":["GET"]}}],"collection":[{"href":"https:\/\/ladepeche.mr\/index.php?rest_route=\/wp\/v2\/posts"}],"about":[{"href":"https:\/\/ladepeche.mr\/index.php?rest_route=\/wp\/v2\/types\/post"}],"author":[{"embeddable":true,"href":"https:\/\/ladepeche.mr\/index.php?rest_route=\/wp\/v2\/users\/2"}],"replies":[{"embeddable":true,"href":"https:\/\/ladepeche.mr\/index.php?rest_route=%2Fwp%2Fv2%2Fcomments&post=11756"}],"version-history":[{"count":2,"href":"https:\/\/ladepeche.mr\/index.php?rest_route=\/wp\/v2\/posts\/11756\/revisions"}],"predecessor-version":[{"id":11759,"href":"https:\/\/ladepeche.mr\/index.php?rest_route=\/wp\/v2\/posts\/11756\/revisions\/11759"}],"wp:featuredmedia":[{"embeddable":true,"href":"https:\/\/ladepeche.mr\/index.php?rest_route=\/wp\/v2\/media\/11757"}],"wp:attachment":[{"href":"https:\/\/ladepeche.mr\/index.php?rest_route=%2Fwp%2Fv2%2Fmedia&parent=11756"}],"wp:term":[{"taxonomy":"category","embeddable":true,"href":"https:\/\/ladepeche.mr\/index.php?rest_route=%2Fwp%2Fv2%2Fcategories&post=11756"},{"taxonomy":"post_tag","embeddable":true,"href":"https:\/\/ladepeche.mr\/index.php?rest_route=%2Fwp%2Fv2%2Ftags&post=11756"}],"curies":[{"name":"wp","href":"https:\/\/api.w.org\/{rel}","templated":true}]}}