{"id":11761,"date":"2024-10-04T16:52:37","date_gmt":"2024-10-04T16:52:37","guid":{"rendered":"https:\/\/ladepeche.mr\/?p=11761"},"modified":"2024-10-04T16:52:52","modified_gmt":"2024-10-04T16:52:52","slug":"intervention-du-president-de-la-republique-devant-les-etudiants-de-sciences-po-paris","status":"publish","type":"post","link":"https:\/\/ladepeche.mr\/?p=11761","title":{"rendered":"Intervention du Pr\u00e9sident de la R\u00e9publique devant les \u00e9tudiants de Sciences Po Paris"},"content":{"rendered":"<p><strong><em>Remerciement<\/em><\/strong><\/p>\n<p>Merci Madame Nachouat Meghouar, direcrtice de la fondation frensh africa, pour cette aimable pr\u00e9sentation<\/p>\n<p>&nbsp;<\/p>\n<p>Merci aussi \u00e0 Louis Vassy directeur de Sciences Po Paris et \u00e0 Mme Arancha Gonzales, Doyenne de l\u2019Ecole des Affaires Internationales de Paris, ainsi qu\u2019\u00e0 tous ceux qui, de pr\u00e8s ou de loin, ont contribu\u00e9 \u00e0 ce que je puisse, aujourd\u2019hui, prendre la parole dans cette prestigieuse institution, haut lieu du savoir, de la science et de l\u2019excellence qu\u2019est l\u2019Institut d\u2019Etudes politiques de Paris.<\/p>\n<p>Je remercie aussi les \u00e9tudiantes et \u00e9tudiants, ici pr\u00e9sents, et leur signifie tout le plaisir que j\u2019ai \u00e0 \u00e9changer avec eux autour de th\u00e9matiques vitales pour mon pays comme pour mon continent et, par-del\u00e0, pour le Monde dans son ensemble.<\/p>\n<p>&nbsp;<\/p>\n<p><strong><em>Objet et Plan de l\u2019Intervention <\/em><\/strong><\/p>\n<p><strong><em>\u00a0<\/em><\/strong><\/p>\n<p>J\u2019ai \u00e9t\u00e9 invit\u00e9 \u00e0 vous entretenir de l\u2019exp\u00e9rience de mon pays en mati\u00e8re de lutte contre l\u2019extr\u00e9misme et le terrorisme. J\u2019essayerai, donc, de vous en faire une pr\u00e9sentation globale, tant sur le plan des approches et des mesures mises en \u0153uvre \u00e0 l\u2019\u00e9chelle nationale, que sur celui des strat\u00e9gies et des actions collectives engag\u00e9es dans ce cadre.<\/p>\n<p>Je profiterais de l\u2019occasion pour mettre en exergue les principaux enseignements et le\u00e7ons tir\u00e9s de cette exp\u00e9rience et qui, aujourd\u2019hui, fondent notre approche des questions de terrorisme et d\u2019ins\u00e9curit\u00e9 \u00e0 l\u2019\u00e9chelle nationale et r\u00e9gionale.<\/p>\n<p>Enfin, comme je m\u2019adresse, en vous, \u00e0 l\u2019Elite de demain, je me permettrais de vous adresser quelques mots \u00e0 propos des d\u00e9fis mondiaux majeurs que vous aurez la responsabilit\u00e9 de relever.<\/p>\n<p>&nbsp;<\/p>\n<p>&nbsp;<\/p>\n<p><strong><em>Situation G\u00e9n\u00e9rale<\/em><\/strong><\/p>\n<p>Comme vous le savez, le terrorisme et l\u2019extr\u00e9misme sont, aujourd\u2019hui, pr\u00e9sents quasiment un peu partout \u00e0 travers le monde. Ils constituent, pour notre continent et particuli\u00e8rement pour notre r\u00e9gion sah\u00e9lienne, le d\u00e9fi principal que nos \u00e9tats devront imp\u00e9rativement relever, individuellement et collectivement, en vue de pr\u00e9server la stabilit\u00e9 et la s\u00e9curit\u00e9\u00a0indispensables \u00e0 la r\u00e9alisation de nos objectifs de d\u00e9veloppement.<\/p>\n<p>Les violences terroristes, par leur nature transfrontali\u00e8re et leur \u00e9troite liaison avec des acteurs non \u00e9tatiques, ont mis \u00e0 mal nos strat\u00e9gies s\u00e9curitaires classiques, souvent centr\u00e9es sur la d\u00e9fense de l\u2019int\u00e9grit\u00e9 territoriale face \u00e0 l\u2019\u00e9ventuelle agression d\u2019un \u00e9tat tiers, et qui, aujourd\u2019hui, ne r\u00e9pondent que tr\u00e8s partiellement aux multiformes d\u00e9fis s\u00e9curitaires.<\/p>\n<p>L\u2019extr\u00e9misme et le terrorisme sont historiquement et culturellement \u00e9trangers \u00e0 notre continent. L\u2019histoire et la culture de Mon pays en sont une illustration vivante.<\/p>\n<p>En effet, la Mauritanie fut, des si\u00e8cles durant, et demeure encore, un espace de brassage et de m\u00e9tissage des peuples du Sud et du Nord du Sahara, qui a produit un admirable syncr\u00e9tisme culturel, aujourd\u2019hui, substrat identitaire de notre peuple. En Mauritanie, nous sommes du Nord comme du Sud du Sahara, nous sommes blancs et noirs, nous sommes arabes, berb\u00e8res et africains.<\/p>\n<p>En d\u00e9pit de cela, l\u2019extr\u00e9misme et le terrorisme qui se sont, ces derni\u00e8res d\u00e9cennies, insidieusement infiltr\u00e9s dans notre continent, profitant de la convergence destructrice de la pauvret\u00e9, de la mal gouvernance, du sous-d\u00e9veloppement, des tensions sociales et des ruptures violentes des l\u00e9gitimit\u00e9s constitutionnelles, ont fini par s\u2019\u00e9tendre \u00e0 notre pays.<\/p>\n<p>C\u2019est ainsi qu\u2019\u00e0 l\u2019instar de la plupart des pays de notre r\u00e9gion, nous avons connu, sur notre territoire, des actions terroristes meurtri\u00e8res\u00a0: attaques contre des casernes militaires et contre d\u2019innocents civils, mauritaniens comme \u00e9trangers, prise d\u2019otages\u2026 bref nous avons connu toute la panoplie standard du terrorisme.<\/p>\n<p><strong><em>Strat\u00e9gie de la Mauritanie<\/em><\/strong><\/p>\n<p>Cette situation dramatique hypoth\u00e9quait s\u00e9rieusement la s\u00e9curit\u00e9 et la stabilit\u00e9 de notre pays. Pour y faire face, efficacement, nous avons con\u00e7u et mis en \u0153uvre une approche multidimensionnelle int\u00e9gr\u00e9e d\u2019ordre \u00e0 la fois s\u00e9curitaire, culturel et id\u00e9ologique, social, politique et \u00e9conomique.<\/p>\n<p><strong>Sur le plan s\u00e9curitaire<\/strong>, il nous a fallu, d\u2019abord, parer au plus press\u00e9, c\u2019est \u00e0 dire restaurer la s\u00e9curit\u00e9 et la stabilit\u00e9 en engagent une lutte sans merci contre les groupes terroristes. Pour ce faire, nous avons \u0153uvr\u00e9 \u00e0 renforcer nos forces arm\u00e9es et de s\u00e9curit\u00e9 par\u00a0:<\/p>\n<ul>\n<li>La mise \u00e0 niveau continue des capacit\u00e9s op\u00e9rationnelles des unit\u00e9s de nos forces arm\u00e9es et de s\u00e9curit\u00e9\u00a0: adaptation de leurs \u00e9quipements, formation et entrainement op\u00e9rationnel \u00e0 la menace terroriste\u00a0;<\/li>\n<li>La mise en \u0153uvre d\u2019une chaine de renseignement appropri\u00e9e pour la pr\u00e9vention des actions terroristes\u00a0;<\/li>\n<li>La cr\u00e9ation de plusieurs unit\u00e9s sp\u00e9ciales d\u00e9di\u00e9es \u00e0 la menace asym\u00e9trique (mobilit\u00e9, modularit\u00e9, polyvalence et souplesse)\u00a0;<\/li>\n<li>Le renforcement de la coordination syst\u00e9matique avec les partenaires r\u00e9gionaux et internationaux pour plus de fluidit\u00e9s des \u00e9changes d\u2019informations,<\/li>\n<\/ul>\n<p><strong>Sur le plan culturel et id\u00e9ologique, <\/strong>nos \u00e9rudits et nos oul\u00e9mas ont engag\u00e9 un d\u00e9bat religieux, libre et ouvert, avec la frange de notre jeunesse qui s\u2019est engag\u00e9e dans l\u2019action terroriste, en vue de les convaincre du caract\u00e8re absolument erron\u00e9 des th\u00e8ses extr\u00e9mistes et de la nature, par essence, mod\u00e9r\u00e9e et tol\u00e9rante, de l\u2019islam.<\/p>\n<p>Cette action a permis de ramener dans le droit chemin l\u2019\u00e9crasante majorit\u00e9 des jeunes qui avaient \u00e9t\u00e9 victimes de l\u2019intoxication extr\u00e9miste. Un programme d\u2019accompagnement des repentis a \u00e9t\u00e9 mis en place par le gouvernement pour s\u2019assurer de leur insertion dans la vie active et pour \u00e9viter les r\u00e9cidives.<\/p>\n<p>En outre, nous avons mis en place un vaste programme d\u2019information et de sensibilisation pour prot\u00e9ger notre jeunesse face aux propagandes des extr\u00e9mistes et pour diffuser les valeurs de tol\u00e9rance, de mod\u00e9ration et d\u2019ouverture \u00e0 l\u2019Autre, qui constituent la quintessence de l\u2019islam sunnite.<\/p>\n<p><strong>Au niveau social<\/strong>, nous avons travaill\u00e9 \u00e0 renforcer l\u2019unit\u00e9 nationale et la coh\u00e9sion sociale. Nous avons mis en place un arsenal juridique pour combattre les discours v\u00e9hiculant la haine et le racisme ou incitant \u00e0 la violence ou \u00e0 l\u2019extr\u00e9misme. Tout comme nous avons \u0153uvr\u00e9 \u00e0 renforcer l\u2019\u00e9tat de droit, \u00e0 ancrer davantage les droits de l\u2019homme et les libert\u00e9s individuelles et collectives et \u00e0 renforcer la libert\u00e9 de la presse en lib\u00e9ralisant l\u2019espace audiovisuel et en d\u00e9p\u00e9nalisant les d\u00e9lits de presse.<\/p>\n<p>D\u2019autre part, et toujours dans l\u2019esprit de mieux pr\u00e9munir notre jeunesse contre les sir\u00e8nes de l\u2019extr\u00e9miste, nous avons <strong>renforc\u00e9 notre strat\u00e9gie d\u2019insertion et d\u2019emploi des jeunes<\/strong>, tout comme nous avons men\u00e9 une politique active visant \u00e0 assurer l\u2019implication massive des jeunes et des femmes dans la vie politique et la gestion des affaires publiques.<strong>\u00a0 <\/strong><\/p>\n<p><strong>Au niveau \u00e9conomique<\/strong>, nous avons \u0153uvr\u00e9 \u00e0 <strong>tarir les sources de financement<\/strong> des terroristes en Instaurant une surveillan<strong>ce stricte des mouvements de fonds, <\/strong>en <strong>refusant<\/strong> syst\u00e9matiquement toute forme de <strong>contrepartie pour la lib\u00e9ration des otages<\/strong> et en engagent une lutte implacable contre toutes les formes de trafics susceptibles de servir de sources de financement aux terroristes.<\/p>\n<p>Dans le m\u00eame temps nous avons plac\u00e9 l\u2019am\u00e9lioration des conditions de vie des couches vuln\u00e9rables ou d\u00e9sh\u00e9rit\u00e9es de nos populations au centre de nos strat\u00e9gies de d\u00e9veloppement.<\/p>\n<p>Nous avons ainsi mis en place un large filet de s\u00e9curit\u00e9 sociale destin\u00e9 \u00e0 assister les citoyens \u00e0 revenu modeste et \u00e0 renforcer leur r\u00e9silience face aux al\u00e9as de la vie quotidienne. Cela s\u2019est traduit par l\u2019augmentation de leur pouvoir d\u2019achat, l\u2019am\u00e9lioration de leur acc\u00e8s aux services de base, \u00e0 l\u2019assurance maladie et \u00e0 l\u2019habitat d\u00e9cent.<\/p>\n<p>Globalement, nous avons \u0153uvr\u00e9 \u00e0 renforcer l\u2019unit\u00e9 nationale, \u00e0 soutenir les vecteurs de coh\u00e9sion sociale en centrant nos programmes et nos strat\u00e9gies sur la lutte contre la pauvret\u00e9 et la pr\u00e9carit\u00e9, et sur la construction d\u2019un d\u00e9veloppement durable et inclusif.<\/p>\n<p><strong>Au niveau politique,<\/strong> nous avons privil\u00e9gi\u00e9 l\u2019ouverture et le dialogue permanent avec l\u2019ensemble des acteurs de la sc\u00e8ne politique nationale, renforc\u00e9\u00a0nos institutions et notre syst\u00e8me d\u00e9mocratique.<\/p>\n<p>En outre, conscients que les situations dans les pays de notre r\u00e9gion s\u2019impactaient directement, les unes les autres, nous avons, en Mauritanie, tr\u00e8s vite, acquis la ferme conviction qu\u2019une victoire durable contre le terrorisme, ne peut \u00eatre obtenue que dans le cadre d\u2019une \u00e9troite coop\u00e9ration et d\u2019une forte solidarit\u00e9 agissante \u00e0 l\u2019\u00e9chelle r\u00e9gionale, continentale et internationale.<\/p>\n<p>Aussi, nous avons, d\u00e8s l\u2019ann\u00e9e 2014, \u00e0 Nouakchott, mis en place avec nos voisins les plus directement menac\u00e9s (le Mali, le Burkina, le Niger et le Tchad,) l\u2019organisation du G5 Sahel qui a mobilis\u00e9 autour d\u2019elle de nombreuses initiatives internationales de soutien.<\/p>\n<p>Le G5 Sahel est un cadre institutionnel de coop\u00e9ration sous r\u00e9gionale en mati\u00e8re de s\u00e9curit\u00e9 et de d\u00e9veloppement qui vise \u00e0 permettre la mutualisation de nos moyens et la mise en synergie de nos efforts dans le cadre d\u2019une approche fond\u00e9e sur le principe de l\u2019indissociabilit\u00e9 des questions s\u00e9curitaires et des questions de d\u00e9veloppement.<\/p>\n<p>Il a permis, sur le plan s\u00e9curitaire, d\u2019am\u00e9liorer sensiblement la coordination entre les Etats-Majors de nos arm\u00e9es, de mutualiser nos chaines de renseignement, d\u2019am\u00e9liorer nettement notre capacit\u00e9 collective \u00e0 anticiper, pr\u00e9venir ou r\u00e9agir, de mani\u00e8re group\u00e9e et coordonn\u00e9e, \u00e0 la menace terroriste.<\/p>\n<p>Parall\u00e8lement \u00e0 cet aspect s\u00e9curitaire, un Programme d\u2019Investissement Prioritaire, qui consacre une large part au d\u00e9veloppement, a \u00e9t\u00e9 mis en place avec l\u2019appui et l\u2019accompagnement de nos partenaires. (la France en t\u00eate et gr\u00e2ce notamment au leadership de son excellence le Pr\u00e9sident Emanuel Macron).<\/p>\n<p>Malheureusement, pour des raisons qui leur sont propres et par d\u00e9cision souveraine que nous respectons, nos fr\u00e8res maliens, nig\u00e9riens et burkinab\u00e9 se sont retir\u00e9s du G5 mettant ainsi fin \u00e0 l\u2019op\u00e9rationnalit\u00e9 de l\u2019organisation.<\/p>\n<p>Nous demeurons cependant convaincus que, dans son principe, le G5 est une id\u00e9e pertinente\u00a0; car il est impossible, dans un combat pr\u00e9tendant \u00e0 l\u2019efficacit\u00e9 contre le terrorisme, de faire l\u2019\u00e9conomie d\u2019un cadre de coordination et de mutualisation des moyens, peu importe par ailleurs, sa structure formelle ou sa d\u00e9nomination.<\/p>\n<p>Et c\u2019est pr\u00e9cis\u00e9ment dans cet esprit de coordination de solidarit\u00e9 agissante et de mutualisation de moyens que nous travaillons aujourd\u2019hui, en tant que Pr\u00e9sident en exercice de l\u2019union africaine, \u00e0 dynamiser et \u00e0 renforcer le Conseil de Paix et de S\u00e9curit\u00e9, et ses multiples m\u00e9canismes de soutien comme, entre autres, le Syst\u00e8me continental d&#8217;alerte rapide (SCAR) et la Force Africaine en Attente (FAA).<\/p>\n<p>Tout comme nous soutenons fortement les efforts visant, en Afrique, \u00e0 promouvoir le renforcement de l\u2019\u00e9tat de droit, la lutte contre la corruption et la fraude \u00e9lectorale, afin de b\u00e2tir de v\u00e9ritables d\u00e9mocraties capables d\u2019assurer l\u2019alternance, dans la paix, la stabilit\u00e9 et la transparence, et de fonder la l\u00e9gitimit\u00e9 du pouvoir. <strong>Car tr\u00e8s souvent le pouvoir \u00e0 tendance \u00e0 compenser le d\u00e9ficit de l\u00e9gitimit\u00e9 par un surcroit de violence engendrant davantage d\u2019ins\u00e9curit\u00e9 et d\u2019instabilit\u00e9 sociopolitique.<\/strong><\/p>\n<p>Je suis convaincu qu\u2019il est particuli\u00e8rement n\u00e9cessaire et urgent de travailler \u00e0 apaiser la vie politique, \u00e0 d\u00e9passer, par le dialogue et le consensus, les dissensions sociales et les animosit\u00e9s inter-ethniques<\/p>\n<p>Dans ce cadre, je consid\u00e8re que le capital social et le savoir local des soci\u00e9t\u00e9s africaines dans la pr\u00e9vention, la gestion et la r\u00e9solution des conflits est d\u2019une importance capitale. On doit valoriser et optimiser le r\u00f4le des communaut\u00e9s, des leaders sociaux, de la soci\u00e9t\u00e9 civile, et des organisations communautaires de base. Il me semble qu\u2019explorer les creusets culturels et les modes s\u00e9culaires de m\u00e9diation sociale, constitue une piste digne d\u2019int\u00e9r\u00eat.<\/p>\n<p>Parall\u00e8lement, on devra \u0153uvrer en vue de permettre \u00e0 tous, l\u2019acc\u00e8s, dans l\u2019\u00e9quit\u00e9, aux conditions d\u2019une vie descentes, d\u2019offrir \u00e0 nos jeunes des perspectives d\u2019avenir autrement plus prometteur que la course tragique \u00e0 une immigration clandestine sans lendemain ou le recours aux trafics illicites en tout genre et aux crimes organis\u00e9s.<\/p>\n<p>Globalement, donc, l\u2019ensemble de mesures s\u00e9curitaires, culturelles, sociales, politiques et \u00e9conomiques, mises en \u0153uvre en Mauritanie, dans le cadre de notre strat\u00e9gie s\u00e9curitaire int\u00e9gr\u00e9e, conjugu\u00e9 \u00e0 nos efforts sur le plan r\u00e9gional et continental nous a permis, jusqu\u2019\u00e0 pr\u00e9sent, d\u2019\u00e9viter des actions terroristes sur notre territoire (aucune action terroriste n\u2019a \u00e9t\u00e9 perp\u00e9tr\u00e9 sur notre territoire depuis 2011) et d\u2019y assurer la s\u00e9curit\u00e9 et la paix sociale, am\u00e9liorant ainsi, significativement, les conditions de mise en \u0153uvre de notre strat\u00e9gie de croissance acc\u00e9l\u00e9r\u00e9e\u00a0 et de prosp\u00e9rit\u00e9 partag\u00e9e.<\/p>\n<p>Nous demeurons, cependant, pleinement conscients, qu\u2019en mati\u00e8re de terrorisme et d\u2019extr\u00e9misme, le risque z\u00e9ro n\u2019existe pas, et que le combat pour la stabilit\u00e9, la s\u00e9curit\u00e9 la coh\u00e9sion et la paix sociale est un combat de tous les jours, qui n\u00e9cessite, sur tous les plans, une action permanente et une vigilance de tous les instants.<\/p>\n<p><strong><em>Les enseignements tir\u00e9s<\/em><\/strong><\/p>\n<p>Ce que nous retenons de notre exp\u00e9rience en mati\u00e8re de lutte contre le terrorisme et l\u2019extr\u00e9misme, c\u2019est la n\u00e9cessit\u00e9 d\u2019une approche multidimensionnelle qui privil\u00e9gie la coordination r\u00e9gionale et internationale des efforts et s\u2019attaque non seulement aux manifestations violentes de l\u2019extr\u00e9misme mais aussi, et surtout, \u00e0 ses racines.<\/p>\n<p>Cette approche doit partir du principe que le combat pour la s\u00e9curit\u00e9 et celui pour le d\u00e9veloppement vont de pair et s\u2019impactent mutuellement et que, jamais, le terrorisme ne sera vaincu, si, parall\u00e8lement \u00e0 l\u2019action s\u00e9curitaire, on ne d\u00e9ploie pas d\u2019\u00e9normes efforts en vue <strong>de<\/strong> g\u00e9n\u00e9raliser l\u2019acc\u00e8s \u00e0 une \u00e9ducation de qualit\u00e9, <strong>d\u2019<\/strong>instaurer un v\u00e9ritable Etat de Droit, <strong>de<\/strong> cr\u00e9er des opportunit\u00e9s d\u2019emploi, <strong>d\u2019<\/strong>assurer aux populations les conditions d\u2019une vie d\u00e9cente, dans la dignit\u00e9 et le respect, <strong>d\u2019<\/strong>am\u00e9liorer la gouvernance, et <strong>de<\/strong> promouvoir un d\u00e9veloppement durable et inclusif.<\/p>\n<p>D\u2019autre part, nous avons acquis la conviction que dans le village plan\u00e9taire qu\u2019est devenu notre monde, du fait de la globalisation et de l\u2019intensification des \u00e9changes, les questions de paix et de s\u00e9curit\u00e9 ne sont plus des questions qui peuvent se traiter ou se r\u00e9soudre, durablement, \u00e0 l\u2019\u00e9chelle des \u00e9tats pris individuellement. Chaque conflit, o\u00f9 qu\u2019il se d\u00e9roule et quelle qu\u2019en soit la forme, poss\u00e8de toujours une dimension g\u00e9opolitique fortement pr\u00e9sente, autant dans ses causes que dans ses effets. La s\u00e9curit\u00e9 durable de chacun requiert la s\u00e9curit\u00e9 de tous.<\/p>\n<p>Or, l\u2019une des sources majeures de l\u2019instabilit\u00e9, des conflits et de l\u2019ins\u00e9curit\u00e9 dans le monde r\u00e9side dans la<strong> propension des \u00e9tats \u00e0 vouloir construire leur s\u00e9curit\u00e9 aux d\u00e9pens de celle des autres<\/strong> et \u00e0 chercher par tous les moyens \u00e0 renforcer leur puissance militaire et \u00e9conomique et \u00e0 affaiblir celle des autres. Pire, ils font de l\u2019atteinte de cet objectif la valeur fondamentale sur l\u2019autel de laquelle ils sacrifient toutes les autres valeurs communes de l\u2019humanit\u00e9.<\/p>\n<p>Regardez les monstruosit\u00e9s dont l\u2019humain est capable, lorsque, sous couvert du droit de faire face \u00e0 une menace s\u00e9curitaire, r\u00e9elle ou suppos\u00e9e, il s\u2019affranchit de toute les normes et de toutes les valeurs du droit international humanitaire provocant g\u00e9nocides, crimes de guerre et crimes contre l\u2019humanit\u00e9.<\/p>\n<p>Plus grave encore cela se fait souvent dans <strong>l\u2019indiff\u00e9rence d\u2019une grande partie de la communaut\u00e9 internationale<\/strong>. Tout se passe comme si l\u2019universalit\u00e9 et la sacralit\u00e9 des droits fondamentaux de l\u2019homme, fortement revendiqu\u00e9es dans les discours, se trouvaient subitement, dans les faits, circonscrites aux seuls droits des siens et de ses alli\u00e9s.<\/p>\n<p>&nbsp;<\/p>\n<p>C\u2019est l\u2019inacceptable politique du \u00ab deux poids deux mesures\u00a0\u00bb qui affecte n\u00e9gativement\u00a0notre confiance en nos valeurs communes et en nos institutions de gouvernance mondiales et affaiblit \u00e9galement notre solidarit\u00e9 pourtant n\u00e9cessaire pour faire face ensemble aux multiples d\u00e9fis qui hypoth\u00e8quent notre avenir commun.<\/p>\n<p>Vous \u00eates chers \u00e9tudiantes et \u00e9tudiants, l\u2019Elite de demain, \u00e0 laquelle il reviendra de faire face aux multiples crises s\u00e9curitaires, \u00e9conomiques et \u00e9cologiques qui ravagent notre monde d\u2019aujourd\u2019hui.<\/p>\n<p><strong>Ne c\u00e9dez jamais \u00e0 l\u2019indiff\u00e9rence<\/strong>.<\/p>\n<p><strong>D\u00e9fendez l\u2019\u00e9galit\u00e9 des Hommes et leurs droits imprescriptibles partout dans le monde comme s\u2019il s\u2019agissait de vos propres droits.<\/strong><\/p>\n<p>Et je suis d\u2019autant plus fond\u00e9 \u00e0 vous y exhorter que nous nous trouvons pr\u00e9sentement au berceau des droits de l\u2019homme. Car, c\u2019est ici \u00e0 Paris, qu\u2019ont vu le jour la D\u00e9claration des droits de l\u2019homme et du citoyen de 1789 et la \u00ab D\u00e9claration universelle des droits de l\u2019homme \u00bb de 1948.<\/p>\n<p><strong>N\u2019oubliez jamais que<\/strong>, comme pos\u00e9 dans le premier alin\u00e9a du pr\u00e9ambule de la D\u00e9claration universelle des droits de l\u2019homme de 1948, <strong>la reconnaissance dans les faits de la dignit\u00e9 inh\u00e9rente<\/strong> \u00e0 tous les membres de la famille humaine et de leurs droits \u00e9gaux et inali\u00e9nables constitue le fondement de la libert\u00e9, de la justice et de la paix dans le monde.<\/p>\n<p><strong>Gardez constamment \u00e0 l\u2019esprit que<\/strong>, plus les in\u00e9galit\u00e9s<strong> d\u2019avoir, de savoir ou de pouvoir,<\/strong> se creusent au sein des \u00e9tats et entre eux, moins il sera possible de faire face aux questions d\u2019immigration, d\u2019ins\u00e9curit\u00e9 et d\u2019instabilit\u00e9 \u00e0 travers le monde.<\/p>\n<p>C\u2019est seulement ensemble, par la conscience aig\u00fce de notre communaut\u00e9 de destin, par la solidarit\u00e9, par le d\u00e9veloppement du multilat\u00e9ralisme et par la r\u00e9forme des institutions de gouvernance mondiale, que nous pourrons <strong>dissiper les incertitudes qui planent sur notre devenir commun et sur celui de notre plan\u00e8te.<\/strong><\/p>\n<p><strong>Je vous remercie<\/strong><\/p>\n<p>&nbsp;<\/p>\n","protected":false},"excerpt":{"rendered":"<p>Remerciement Merci Madame Nachouat Meghouar, direcrtice de la fondation frensh africa, pour cette aimable pr\u00e9sentation &nbsp; Merci aussi \u00e0 Louis Vassy directeur de Sciences Po Paris et \u00e0 Mme Arancha Gonzales, Doyenne de l\u2019Ecole des Affaires Internationales de Paris, ainsi qu\u2019\u00e0 tous ceux qui, de pr\u00e8s ou de loin, ont contribu\u00e9 \u00e0 ce que je &hellip;<\/p>\n","protected":false},"author":2,"featured_media":11762,"comment_status":"open","ping_status":"open","sticky":false,"template":"","format":"standard","meta":{"footnotes":""},"categories":[18],"tags":[],"class_list":["post-11761","post","type-post","status-publish","format-standard","has-post-thumbnail","hentry","category-actualites"],"_links":{"self":[{"href":"https:\/\/ladepeche.mr\/index.php?rest_route=\/wp\/v2\/posts\/11761","targetHints":{"allow":["GET"]}}],"collection":[{"href":"https:\/\/ladepeche.mr\/index.php?rest_route=\/wp\/v2\/posts"}],"about":[{"href":"https:\/\/ladepeche.mr\/index.php?rest_route=\/wp\/v2\/types\/post"}],"author":[{"embeddable":true,"href":"https:\/\/ladepeche.mr\/index.php?rest_route=\/wp\/v2\/users\/2"}],"replies":[{"embeddable":true,"href":"https:\/\/ladepeche.mr\/index.php?rest_route=%2Fwp%2Fv2%2Fcomments&post=11761"}],"version-history":[{"count":1,"href":"https:\/\/ladepeche.mr\/index.php?rest_route=\/wp\/v2\/posts\/11761\/revisions"}],"predecessor-version":[{"id":11763,"href":"https:\/\/ladepeche.mr\/index.php?rest_route=\/wp\/v2\/posts\/11761\/revisions\/11763"}],"wp:featuredmedia":[{"embeddable":true,"href":"https:\/\/ladepeche.mr\/index.php?rest_route=\/wp\/v2\/media\/11762"}],"wp:attachment":[{"href":"https:\/\/ladepeche.mr\/index.php?rest_route=%2Fwp%2Fv2%2Fmedia&parent=11761"}],"wp:term":[{"taxonomy":"category","embeddable":true,"href":"https:\/\/ladepeche.mr\/index.php?rest_route=%2Fwp%2Fv2%2Fcategories&post=11761"},{"taxonomy":"post_tag","embeddable":true,"href":"https:\/\/ladepeche.mr\/index.php?rest_route=%2Fwp%2Fv2%2Ftags&post=11761"}],"curies":[{"name":"wp","href":"https:\/\/api.w.org\/{rel}","templated":true}]}}