{"id":11767,"date":"2024-10-05T17:34:23","date_gmt":"2024-10-05T17:34:23","guid":{"rendered":"https:\/\/ladepeche.mr\/?p=11767"},"modified":"2024-10-05T17:34:23","modified_gmt":"2024-10-05T17:34:23","slug":"le-president-de-la-republique-rencontre-le-president-de-la-republique-du-vietnam","status":"publish","type":"post","link":"https:\/\/ladepeche.mr\/?p=11767","title":{"rendered":"Le Pr\u00e9sident de la R\u00e9publique rencontre le Pr\u00e9sident de la R\u00e9publique du Vietnam"},"content":{"rendered":"<p>Son Excellence le Pr\u00e9sident de la R\u00e9publique et Pr\u00e9sident en exercice de l\u2019Union africaine, Mohamed Ould Cheikh El Ghazouani, a rencontr\u00e9 samedi, en marge du 19\u00e8me Sommet de l\u2019Organisation internationale de la Francophonie, dans la capitale fran\u00e7aise, Paris, Son Excellence le Pr\u00e9sident de la R\u00e9publique socialiste du Vietnam, M. T\u00f4 L\u00e2m.<\/p>\n<p>L\u2019entretien a port\u00e9 sur les relations bilat\u00e9rales entre les deux pays amis et sur les moyens de les renforcer et de les d\u00e9velopper, ainsi que sur certaines questions r\u00e9gionales et internationales d\u2019int\u00e9r\u00eat commun.<\/p>\n<p>L\u2019entretien s\u2019est d\u00e9roul\u00e9 en pr\u00e9sence de M. Nani Ould Chrougha, ministre charg\u00e9 de Cabinet du Pr\u00e9sident de la R\u00e9publique, de Mme Moulaty Mint Moctar, Repr\u00e9sentante permanente de la Mauritanie aupr\u00e8s de l\u2019UNESCO, et de M. Sidi Ould Lemjad, conseiller \u00e0 la D\u00e9l\u00e9gation de notre pays aupr\u00e8s de l\u2019UNESCO.<\/p>\n<p>Ami<\/p>\n","protected":false},"excerpt":{"rendered":"<p>Son Excellence le Pr\u00e9sident de la R\u00e9publique et Pr\u00e9sident en exercice de l\u2019Union africaine, Mohamed Ould Cheikh El Ghazouani, a rencontr\u00e9 samedi, en marge du 19\u00e8me Sommet de l\u2019Organisation internationale de la Francophonie, dans la capitale fran\u00e7aise, Paris, Son Excellence le Pr\u00e9sident de la R\u00e9publique socialiste du Vietnam, M. T\u00f4 L\u00e2m. L\u2019entretien a port\u00e9 sur &hellip;<\/p>\n","protected":false},"author":2,"featured_media":11768,"comment_status":"open","ping_status":"open","sticky":false,"template":"","format":"standard","meta":{"footnotes":""},"categories":[18,29],"tags":[],"class_list":["post-11767","post","type-post","status-publish","format-standard","has-post-thumbnail","hentry","category-actualites","category-monde"],"_links":{"self":[{"href":"https:\/\/ladepeche.mr\/index.php?rest_route=\/wp\/v2\/posts\/11767","targetHints":{"allow":["GET"]}}],"collection":[{"href":"https:\/\/ladepeche.mr\/index.php?rest_route=\/wp\/v2\/posts"}],"about":[{"href":"https:\/\/ladepeche.mr\/index.php?rest_route=\/wp\/v2\/types\/post"}],"author":[{"embeddable":true,"href":"https:\/\/ladepeche.mr\/index.php?rest_route=\/wp\/v2\/users\/2"}],"replies":[{"embeddable":true,"href":"https:\/\/ladepeche.mr\/index.php?rest_route=%2Fwp%2Fv2%2Fcomments&post=11767"}],"version-history":[{"count":1,"href":"https:\/\/ladepeche.mr\/index.php?rest_route=\/wp\/v2\/posts\/11767\/revisions"}],"predecessor-version":[{"id":11769,"href":"https:\/\/ladepeche.mr\/index.php?rest_route=\/wp\/v2\/posts\/11767\/revisions\/11769"}],"wp:featuredmedia":[{"embeddable":true,"href":"https:\/\/ladepeche.mr\/index.php?rest_route=\/wp\/v2\/media\/11768"}],"wp:attachment":[{"href":"https:\/\/ladepeche.mr\/index.php?rest_route=%2Fwp%2Fv2%2Fmedia&parent=11767"}],"wp:term":[{"taxonomy":"category","embeddable":true,"href":"https:\/\/ladepeche.mr\/index.php?rest_route=%2Fwp%2Fv2%2Fcategories&post=11767"},{"taxonomy":"post_tag","embeddable":true,"href":"https:\/\/ladepeche.mr\/index.php?rest_route=%2Fwp%2Fv2%2Ftags&post=11767"}],"curies":[{"name":"wp","href":"https:\/\/api.w.org\/{rel}","templated":true}]}}