{"id":11789,"date":"2024-10-07T13:40:48","date_gmt":"2024-10-07T13:40:48","guid":{"rendered":"https:\/\/ladepeche.mr\/?p=11789"},"modified":"2024-10-07T13:40:48","modified_gmt":"2024-10-07T13:40:48","slug":"erdogan-israel-paiera-tot-ou-tard-le-prix-de-ce-genocide-quil-pratique-depuis-un-an","status":"publish","type":"post","link":"https:\/\/ladepeche.mr\/?p=11789","title":{"rendered":"Erdogan: &#8220;Isra\u00ebl paiera t\u00f4t ou tard le prix de ce g\u00e9nocide qu&#8217;il pratique depuis un an&#8221;"},"content":{"rendered":"<h4>&#8220;Tout comme Hitler a \u00e9t\u00e9 stopp\u00e9 par l&#8217;alliance commune de l&#8217;humanit\u00e9, Netanyahu et son r\u00e9seau d&#8217;assassins seront stopp\u00e9s de la m\u00eame mani\u00e8re&#8221;<\/h4>\n<p>Le Pr\u00e9sident de la R\u00e9publique de T\u00fcrkiye, Recep Tayyip Erdogan, a d\u00e9clar\u00e9 qu&#8217; &#8220;Isra\u00ebl paiera t\u00f4t ou tard le prix de ce g\u00e9nocide qu&#8217;il commet depuis un an et qu&#8217;il continue de commettre&#8221;.<\/p>\n<p>Dans une d\u00e9claration sur les r\u00e9seaux sociaux, le Chef de l&#8217;Etat turc a d\u00e9nonc\u00e9 avec la plus grande fermet\u00e9 le g\u00e9Nocide qu&#8217;Isra\u00ebl commet \u00e0 Gaza depuis maintenant un an, depuis le 7 octobre 2023.<\/p>\n<p>&#8220;50 000 de nos fr\u00e8res et s\u0153urs qui \u00e9taient en vie il y a exactement 365 jours, principalement des enfants et des femmes, ont \u00e9t\u00e9 massacr\u00e9s. Les h\u00f4pitaux, les lieux de culte des diff\u00e9rentes confessions et les \u00e9coles de Gaza ont \u00e9t\u00e9 d\u00e9truits. De nombreux journalistes, repr\u00e9sentants d&#8217;organisations non gouvernementales et ambassadeurs de la paix ne sont plus parmi nous&#8221;, a-t-il d&#8217;abord rappel\u00e9.<\/p>\n<p>&#8220;Ce ne sont pas seulement des femmes, des enfants, des b\u00e9b\u00e9s, des civils innocents qui meurent \u00e0 Gaza, en Palestine et aujourd&#8217;hui au Liban ; c&#8217;est aussi l&#8217;humanit\u00e9, les institutions cens\u00e9es servir l&#8217;humanit\u00e9, le syst\u00e8me international. En fait, c&#8217;est toute l&#8217;humanit\u00e9, tous les espoirs de l&#8217;humanit\u00e9 pour l&#8217;avenir qui ont \u00e9t\u00e9 massacr\u00e9s sous les yeux du monde, en direct \u00e0 la t\u00e9l\u00e9vision, depuis exactement un an&#8221;, a-t-il poursuivi.<\/p>\n<p>Saluant avec la tristesse la m\u00e9moire des dizaines de milliers de personnes massacr\u00e9es par le gouvernement isra\u00e9lien meurtrier depuis le 7 octobre, Erdogan a ajout\u00e9 : &#8221;<\/p>\n<p>Je pr\u00e9sente mes sinc\u00e8res condol\u00e9ances \u00e0 mes fr\u00e8res et s\u0153urs gazaouis, palestiniens et libanais au c\u0153ur bris\u00e9, qui ont perdu leurs \u00e9pouses, leurs enfants et leurs familles.&#8221;<\/p>\n<p>Le Pr\u00e9sident turc a insist\u00e9 sur le fait que la politique de g\u00e9nocide, d&#8217;occupation et d&#8217;invasion men\u00e9e de longue date par Isra\u00ebl doit prendre fin.<\/p>\n<p>&#8220;Il ne faut pas oublier qu&#8217;Isra\u00ebl paiera t\u00f4t ou tard le prix de ce g\u00e9nocide qu&#8217;il commet depuis un an et qu&#8217;il continue de commettre. Tout comme Hitler a \u00e9t\u00e9 stopp\u00e9 par l&#8217;alliance commune de l&#8217;humanit\u00e9, Netanyahu et son r\u00e9seau meurtrier seront stopp\u00e9s de la m\u00eame mani\u00e8re. Un monde, o\u00f9 on ne demande pas de comptes pour le g\u00e9nocide de Gaza, ne peut \u00eatre en paix. En tant que T\u00fcrkiye, nous continuerons \u00e0 nous opposer au gouvernement isra\u00e9lien, quel qu&#8217;en soit le prix, et nous continuerons \u00e0 appeler le monde \u00e0 cette position honorable.&#8221;<\/p>\n<p>&#8211; Erdogan a \u00e9galement partag\u00e9 la vid\u00e9o pr\u00e9par\u00e9e pour Gaza<\/p>\n<p>Parall\u00e8lement \u00e0 son message, le pr\u00e9sident turc a partag\u00e9 une vid\u00e9o pr\u00e9par\u00e9e pour le premier anniversaire du g\u00e9nocide isra\u00e9lien \u00e0 Gaza.<\/p>\n<p>La vid\u00e9o se termine par le message : &#8220;Le g\u00e9nocide commis par Isra\u00ebl tue les Palestiniens. Le g\u00e9nocide commis par Isra\u00ebl tue l&#8217;humanit\u00e9&#8221;.<\/p>\n<p>aa.com.tr<\/p>\n","protected":false},"excerpt":{"rendered":"<p>&#8220;Tout comme Hitler a \u00e9t\u00e9 stopp\u00e9 par l&#8217;alliance commune de l&#8217;humanit\u00e9, Netanyahu et son r\u00e9seau d&#8217;assassins seront stopp\u00e9s de la m\u00eame mani\u00e8re&#8221; Le Pr\u00e9sident de la R\u00e9publique de T\u00fcrkiye, Recep Tayyip Erdogan, a d\u00e9clar\u00e9 qu&#8217; &#8220;Isra\u00ebl paiera t\u00f4t ou tard le prix de ce g\u00e9nocide qu&#8217;il commet depuis un an et qu&#8217;il continue de commettre&#8221;. &hellip;<\/p>\n","protected":false},"author":2,"featured_media":11790,"comment_status":"open","ping_status":"open","sticky":false,"template":"","format":"standard","meta":{"footnotes":""},"categories":[18,29],"tags":[],"class_list":["post-11789","post","type-post","status-publish","format-standard","has-post-thumbnail","hentry","category-actualites","category-monde"],"_links":{"self":[{"href":"https:\/\/ladepeche.mr\/index.php?rest_route=\/wp\/v2\/posts\/11789","targetHints":{"allow":["GET"]}}],"collection":[{"href":"https:\/\/ladepeche.mr\/index.php?rest_route=\/wp\/v2\/posts"}],"about":[{"href":"https:\/\/ladepeche.mr\/index.php?rest_route=\/wp\/v2\/types\/post"}],"author":[{"embeddable":true,"href":"https:\/\/ladepeche.mr\/index.php?rest_route=\/wp\/v2\/users\/2"}],"replies":[{"embeddable":true,"href":"https:\/\/ladepeche.mr\/index.php?rest_route=%2Fwp%2Fv2%2Fcomments&post=11789"}],"version-history":[{"count":1,"href":"https:\/\/ladepeche.mr\/index.php?rest_route=\/wp\/v2\/posts\/11789\/revisions"}],"predecessor-version":[{"id":11791,"href":"https:\/\/ladepeche.mr\/index.php?rest_route=\/wp\/v2\/posts\/11789\/revisions\/11791"}],"wp:featuredmedia":[{"embeddable":true,"href":"https:\/\/ladepeche.mr\/index.php?rest_route=\/wp\/v2\/media\/11790"}],"wp:attachment":[{"href":"https:\/\/ladepeche.mr\/index.php?rest_route=%2Fwp%2Fv2%2Fmedia&parent=11789"}],"wp:term":[{"taxonomy":"category","embeddable":true,"href":"https:\/\/ladepeche.mr\/index.php?rest_route=%2Fwp%2Fv2%2Fcategories&post=11789"},{"taxonomy":"post_tag","embeddable":true,"href":"https:\/\/ladepeche.mr\/index.php?rest_route=%2Fwp%2Fv2%2Ftags&post=11789"}],"curies":[{"name":"wp","href":"https:\/\/api.w.org\/{rel}","templated":true}]}}