{"id":11792,"date":"2024-10-07T18:50:01","date_gmt":"2024-10-07T18:50:01","guid":{"rendered":"https:\/\/ladepeche.mr\/?p=11792"},"modified":"2024-10-07T19:32:30","modified_gmt":"2024-10-07T19:32:30","slug":"palestine-les-medias-mauritaniens-contre-le-massacre-des-journalistes-par-israel","status":"publish","type":"post","link":"https:\/\/ladepeche.mr\/?p=11792","title":{"rendered":"Palestine: les m\u00e9dias mauritaniens contre le massacre des journalistes par Isra\u00e9l"},"content":{"rendered":"<p style=\"background: white; margin: 0cm 0cm 12.75pt 0cm;\"><span style=\"font-family: 'Louguiya Bold',serif; color: black;\">Plusieurs organisations repr\u00e9sentatives des m\u00e9dias mauritaniens ont organis\u00e9 lundi une manifestation devant la repr\u00e9sentation des Nations Unies en Mauritanie pour d\u00e9noncer le ciblage par l\u2019arm\u00e9e isra\u00e9lienne de journalistes dans son agression contre Gaza.<\/span><\/p>\n<p style=\"background: white; margin: 0cm 0cm 12.75pt 0cm;\"><span style=\"font-family: 'Louguiya Bold',serif; color: black;\">La manifestation coincide avec l\u2019anniversaire du 7 octobre o\u00f9 les journalistes mauritaniens disent apporter leur soutien \u00e0 leurs confr\u00e8res \u00e0 Gaza mais aussi aux populations gazaouies qui subissent, depuis un an, de nombreuses atrocit\u00e9s de la part d\u2019Isra\u00e9l en toute impunit\u00e9.<\/span><\/p>\n<p style=\"background: white; margin: 0cm 0cm 12.75pt 0cm;\"><span style=\"font-family: 'Louguiya Bold',serif; color: black;\">Toutes les organisations et associations de presse mauritaniennes ont particip\u00e9 \u00e0 cette manifestation de solidarit\u00e9 avec les journalistes et le peuple palestiniens.<\/span><\/p>\n<p style=\"background: white; box-sizing: border-box; font-variant-ligatures: normal; font-variant-caps: normal; orphans: 2; text-align: start; widows: 2; -webkit-text-stroke-width: 0px; text-decoration-thickness: initial; text-decoration-style: initial; text-decoration-color: initial; word-spacing: 0px; margin: 0cm 0cm 12.75pt 0cm;\"><span style=\"font-family: 'Louguiya Bold',serif; color: black;\">Lors de cette manifestation professionnelle, la pr\u00e9sidente de l\u2019Association des journalistes mauritaniens pour Al-Aqsa, Mme Khdeija Moujtaba, a appel\u00e9 les autorit\u00e9s onusiennes \u00e0 mener \u00e0 une enqu\u00eate sous l\u2019\u00e9gide des organisations internationales de d\u00e9fense des droits des journalistes pour mettre un terme aux violations contre la libert\u00e9 de la presse par la force colonisatrice.<\/span><\/p>\n<p style=\"background: white; box-sizing: border-box; font-variant-ligatures: normal; font-variant-caps: normal; orphans: 2; text-align: start; widows: 2; -webkit-text-stroke-width: 0px; text-decoration-thickness: initial; text-decoration-style: initial; text-decoration-color: initial; word-spacing: 0px; margin: 0cm 0cm 12.75pt 0cm;\"><span style=\"font-family: 'Louguiya Bold',serif; color: black;\">Elle a ajout\u00e9 que les journalistes de la Bande de Gaza documentent courageusement la guerre d\u2019extermination et de famine men\u00e9e par l\u2019occupation sioniste contre les civils au p\u00e9ril de leurs vies face au gouvernement sioniste qui veut les r\u00e9duire au silence pour camoufler les pogroms et les crimes perp\u00e9tr\u00e9s contre les habitants de l\u2019enclave.<\/span><\/p>\n<p>Au moins 175 journalistes ont \u00e9t\u00e9 tu\u00e9s par Isra\u00e9l depuis le 7 octobre 2024 \u00e0 Gaza.<\/p>\n","protected":false},"excerpt":{"rendered":"<p>Plusieurs organisations repr\u00e9sentatives des m\u00e9dias mauritaniens ont organis\u00e9 lundi une manifestation devant la repr\u00e9sentation des Nations Unies en Mauritanie pour d\u00e9noncer le ciblage par l\u2019arm\u00e9e isra\u00e9lienne de journalistes dans son agression contre Gaza. La manifestation coincide avec l\u2019anniversaire du 7 octobre o\u00f9 les journalistes mauritaniens disent apporter leur soutien \u00e0 leurs confr\u00e8res \u00e0 Gaza mais &hellip;<\/p>\n","protected":false},"author":2,"featured_media":11793,"comment_status":"open","ping_status":"open","sticky":false,"template":"","format":"standard","meta":{"footnotes":""},"categories":[18],"tags":[],"class_list":["post-11792","post","type-post","status-publish","format-standard","has-post-thumbnail","hentry","category-actualites"],"_links":{"self":[{"href":"https:\/\/ladepeche.mr\/index.php?rest_route=\/wp\/v2\/posts\/11792","targetHints":{"allow":["GET"]}}],"collection":[{"href":"https:\/\/ladepeche.mr\/index.php?rest_route=\/wp\/v2\/posts"}],"about":[{"href":"https:\/\/ladepeche.mr\/index.php?rest_route=\/wp\/v2\/types\/post"}],"author":[{"embeddable":true,"href":"https:\/\/ladepeche.mr\/index.php?rest_route=\/wp\/v2\/users\/2"}],"replies":[{"embeddable":true,"href":"https:\/\/ladepeche.mr\/index.php?rest_route=%2Fwp%2Fv2%2Fcomments&post=11792"}],"version-history":[{"count":2,"href":"https:\/\/ladepeche.mr\/index.php?rest_route=\/wp\/v2\/posts\/11792\/revisions"}],"predecessor-version":[{"id":11805,"href":"https:\/\/ladepeche.mr\/index.php?rest_route=\/wp\/v2\/posts\/11792\/revisions\/11805"}],"wp:featuredmedia":[{"embeddable":true,"href":"https:\/\/ladepeche.mr\/index.php?rest_route=\/wp\/v2\/media\/11793"}],"wp:attachment":[{"href":"https:\/\/ladepeche.mr\/index.php?rest_route=%2Fwp%2Fv2%2Fmedia&parent=11792"}],"wp:term":[{"taxonomy":"category","embeddable":true,"href":"https:\/\/ladepeche.mr\/index.php?rest_route=%2Fwp%2Fv2%2Fcategories&post=11792"},{"taxonomy":"post_tag","embeddable":true,"href":"https:\/\/ladepeche.mr\/index.php?rest_route=%2Fwp%2Fv2%2Ftags&post=11792"}],"curies":[{"name":"wp","href":"https:\/\/api.w.org\/{rel}","templated":true}]}}