{"id":11796,"date":"2024-10-07T19:35:24","date_gmt":"2024-10-07T19:35:24","guid":{"rendered":"https:\/\/ladepeche.mr\/?p=11796"},"modified":"2024-10-07T19:30:22","modified_gmt":"2024-10-07T19:30:22","slug":"le-president-de-la-republique-president-de-lua-rencontre-le-president-de-la-conference-de-munich-sur-la-securite","status":"publish","type":"post","link":"https:\/\/ladepeche.mr\/?p=11796","title":{"rendered":"Le Pr\u00e9sident de la R\u00e9publique, Pr\u00e9sident de l\u2019Ua, rencontre le pr\u00e9sident de la Conf\u00e9rence de Munich sur la s\u00e9curit\u00e9"},"content":{"rendered":"<p>Son Excellence le Pr\u00e9sident de la R\u00e9publique, Pr\u00e9sident de l\u2019Union africaine, Monsieur Mohamed Ould Cheikh El Ghazouani, a rencontr\u00e9, lundi \u00e0 Hambourg, en marge de la Conf\u00e9rence de Hambourg sur le d\u00e9veloppement durable, S.E.M. l\u2019ambassadeur Christoph Heusgen, Pr\u00e9sident de la Conf\u00e9rence de Munich sur la s\u00e9curit\u00e9 (MSC).<\/p>\n<p>La r\u00e9union a port\u00e9 sur un certain nombre de questions r\u00e9gionales et internationales d\u2019int\u00e9r\u00eat commun.<\/p>\n<p>La rencontre s\u2019est d\u00e9roul\u00e9e en pr\u00e9sence de S.E. M. Boubacar Kahn, ambassadeur de Mauritanie accr\u00e9dit\u00e9 en Allemagne.<\/p>\n<p>Rappelons que S.E.M. l\u2019ambassadeur Christoph Heusgen a occup\u00e9 le poste de repr\u00e9sentant permanent de l\u2019Allemagne aupr\u00e8s des Nations unies entre 2017 et 2021 avant d\u2019\u00eatre \u00e9lu, en 2022, pr\u00e9sident de la Conf\u00e9rence de s\u00e9curit\u00e9 de Munich (CSM).<\/p>\n<p>Ami<\/p>\n","protected":false},"excerpt":{"rendered":"<p>Son Excellence le Pr\u00e9sident de la R\u00e9publique, Pr\u00e9sident de l\u2019Union africaine, Monsieur Mohamed Ould Cheikh El Ghazouani, a rencontr\u00e9, lundi \u00e0 Hambourg, en marge de la Conf\u00e9rence de Hambourg sur le d\u00e9veloppement durable, S.E.M. l\u2019ambassadeur Christoph Heusgen, Pr\u00e9sident de la Conf\u00e9rence de Munich sur la s\u00e9curit\u00e9 (MSC). La r\u00e9union a port\u00e9 sur un certain nombre &hellip;<\/p>\n","protected":false},"author":2,"featured_media":11797,"comment_status":"open","ping_status":"open","sticky":false,"template":"","format":"standard","meta":{"footnotes":""},"categories":[18],"tags":[],"class_list":["post-11796","post","type-post","status-publish","format-standard","has-post-thumbnail","hentry","category-actualites"],"_links":{"self":[{"href":"https:\/\/ladepeche.mr\/index.php?rest_route=\/wp\/v2\/posts\/11796","targetHints":{"allow":["GET"]}}],"collection":[{"href":"https:\/\/ladepeche.mr\/index.php?rest_route=\/wp\/v2\/posts"}],"about":[{"href":"https:\/\/ladepeche.mr\/index.php?rest_route=\/wp\/v2\/types\/post"}],"author":[{"embeddable":true,"href":"https:\/\/ladepeche.mr\/index.php?rest_route=\/wp\/v2\/users\/2"}],"replies":[{"embeddable":true,"href":"https:\/\/ladepeche.mr\/index.php?rest_route=%2Fwp%2Fv2%2Fcomments&post=11796"}],"version-history":[{"count":1,"href":"https:\/\/ladepeche.mr\/index.php?rest_route=\/wp\/v2\/posts\/11796\/revisions"}],"predecessor-version":[{"id":11798,"href":"https:\/\/ladepeche.mr\/index.php?rest_route=\/wp\/v2\/posts\/11796\/revisions\/11798"}],"wp:featuredmedia":[{"embeddable":true,"href":"https:\/\/ladepeche.mr\/index.php?rest_route=\/wp\/v2\/media\/11797"}],"wp:attachment":[{"href":"https:\/\/ladepeche.mr\/index.php?rest_route=%2Fwp%2Fv2%2Fmedia&parent=11796"}],"wp:term":[{"taxonomy":"category","embeddable":true,"href":"https:\/\/ladepeche.mr\/index.php?rest_route=%2Fwp%2Fv2%2Fcategories&post=11796"},{"taxonomy":"post_tag","embeddable":true,"href":"https:\/\/ladepeche.mr\/index.php?rest_route=%2Fwp%2Fv2%2Ftags&post=11796"}],"curies":[{"name":"wp","href":"https:\/\/api.w.org\/{rel}","templated":true}]}}