{"id":11801,"date":"2024-10-07T20:00:04","date_gmt":"2024-10-07T20:00:04","guid":{"rendered":"https:\/\/ladepeche.mr\/?p=11801"},"modified":"2024-10-07T19:29:44","modified_gmt":"2024-10-07T19:29:44","slug":"justice-des-ongs-se-disent-preoccupees-par-la-hausse-des-condamnations-a-mort","status":"publish","type":"post","link":"https:\/\/ladepeche.mr\/?p=11801","title":{"rendered":"Justice\u00a0: Des Ongs se disent pr\u00e9occup\u00e9es par la hausse des condamnations \u00e0 mort"},"content":{"rendered":"<p>L&#8217;AMDH (Association mauritanienne des droits de l\u2019Homme) et ECPM (Ensemble Contre la Peine de Mort) se disent pr\u00e9occup\u00e9es par la hausse du nombre de personnes condamn\u00e9es \u00e0 mort \u00e0 l\u2019issue de nombreux proc\u00e8s dans le pays.<\/p>\n<p>Les deux organisations exhortent l\u2019\u00c9tat mauritanien \u00e0 se pencher s\u00e9rieusement sur la situation de la condamnation \u00e0 la peine de mort dans le pays.<\/p>\n<p>Les deux organisations estiment que le nombre de condamnations \u00e0 mort a explos\u00e9 en 2021 avec 60 condamnations \u00e0 mort prononc\u00e9es par les tribunaux \u00e0 l\u2019issue de proc\u00e8s devant les tribunaux. En 2018 d\u00e9j\u00e0, les condamn\u00e9s \u00e0 mort \u00e9taient 115 cas pour tout le pays. Mais l\u2019ampleur de ces condamnations se serait encore aggrav\u00e9e. En 2023, ils seraient au moins 163 personnes condamn\u00e9\u00b7es \u00e0 mort contre des d\u00e9tenu\u00b7es, dont une femme et 18 \u00e9trangers.<\/p>\n<p>Le nombre total de d\u00e9tenus en Mauritanie oscille entre 1 800 et 2 400 d\u00e9tenus, r\u00e9partis sur tout le territoire mauritanien dans un peu moins d\u2019une vingtaine d\u2019\u00e9tablissements p\u00e9nitentiaires. \u00b7<br \/>\nMalgr\u00e9 son existence dans l\u2019architecture des peines, la peine de mort n\u2019est plus ex\u00e9cut\u00e9e en Mauritanie depuis 1987.<\/p>\n","protected":false},"excerpt":{"rendered":"<p>L&#8217;AMDH (Association mauritanienne des droits de l\u2019Homme) et ECPM (Ensemble Contre la Peine de Mort) se disent pr\u00e9occup\u00e9es par la hausse du nombre de personnes condamn\u00e9es \u00e0 mort \u00e0 l\u2019issue de nombreux proc\u00e8s dans le pays. Les deux organisations exhortent l\u2019\u00c9tat mauritanien \u00e0 se pencher s\u00e9rieusement sur la situation de la condamnation \u00e0 la peine &hellip;<\/p>\n","protected":false},"author":2,"featured_media":11803,"comment_status":"open","ping_status":"open","sticky":false,"template":"","format":"standard","meta":{"footnotes":""},"categories":[18],"tags":[],"class_list":["post-11801","post","type-post","status-publish","format-standard","has-post-thumbnail","hentry","category-actualites"],"_links":{"self":[{"href":"https:\/\/ladepeche.mr\/index.php?rest_route=\/wp\/v2\/posts\/11801","targetHints":{"allow":["GET"]}}],"collection":[{"href":"https:\/\/ladepeche.mr\/index.php?rest_route=\/wp\/v2\/posts"}],"about":[{"href":"https:\/\/ladepeche.mr\/index.php?rest_route=\/wp\/v2\/types\/post"}],"author":[{"embeddable":true,"href":"https:\/\/ladepeche.mr\/index.php?rest_route=\/wp\/v2\/users\/2"}],"replies":[{"embeddable":true,"href":"https:\/\/ladepeche.mr\/index.php?rest_route=%2Fwp%2Fv2%2Fcomments&post=11801"}],"version-history":[{"count":1,"href":"https:\/\/ladepeche.mr\/index.php?rest_route=\/wp\/v2\/posts\/11801\/revisions"}],"predecessor-version":[{"id":11804,"href":"https:\/\/ladepeche.mr\/index.php?rest_route=\/wp\/v2\/posts\/11801\/revisions\/11804"}],"wp:featuredmedia":[{"embeddable":true,"href":"https:\/\/ladepeche.mr\/index.php?rest_route=\/wp\/v2\/media\/11803"}],"wp:attachment":[{"href":"https:\/\/ladepeche.mr\/index.php?rest_route=%2Fwp%2Fv2%2Fmedia&parent=11801"}],"wp:term":[{"taxonomy":"category","embeddable":true,"href":"https:\/\/ladepeche.mr\/index.php?rest_route=%2Fwp%2Fv2%2Fcategories&post=11801"},{"taxonomy":"post_tag","embeddable":true,"href":"https:\/\/ladepeche.mr\/index.php?rest_route=%2Fwp%2Fv2%2Ftags&post=11801"}],"curies":[{"name":"wp","href":"https:\/\/api.w.org\/{rel}","templated":true}]}}