{"id":11810,"date":"2024-10-08T11:10:27","date_gmt":"2024-10-08T11:10:27","guid":{"rendered":"https:\/\/ladepeche.mr\/?p=11810"},"modified":"2024-10-08T11:10:27","modified_gmt":"2024-10-08T11:10:27","slug":"le-ministre-de-leconomie-et-des-finances-sentretient-avec-la-ministre-allemande-de-la-cooperation-economique-et-du-developpement","status":"publish","type":"post","link":"https:\/\/ladepeche.mr\/?p=11810","title":{"rendered":"Le ministre de l\u2019\u00c9conomie et des Finances s\u2019entretient avec la ministre allemande de la Coop\u00e9ration \u00e9conomique et du D\u00e9veloppement"},"content":{"rendered":"<p>Son Excellence le ministre de l\u2019\u00c9conomie et des Finances, M. Sid&#8217;Ahmed Ould Bouh, s&#8217;est entretenu, lundi, \u00e0 Hambourg, avec la ministre allemande de la Coop\u00e9ration \u00e9conomique et du D\u00e9veloppement, Mme Svenja Schulze.<\/p>\n<p>Cette rencontre a \u00e9t\u00e9 consacr\u00e9e \u00e0 l\u2019examen des excellentes relations de partenariat \u00e9conomique entre notre pays et la R\u00e9publique f\u00e9d\u00e9rale d\u2019Allemagne, en particulier en ce qui concerne le portefeuille de projets de coop\u00e9ration, notamment ceux relatifs aux secteurs de la p\u00eache et de la formation professionnelle.<\/p>\n<p>Au cours de l&#8217;entretien, la ministre allemande a r\u00e9affirm\u00e9 la disposition de l\u2019Allemagne \u00e0 accompagner notre pays dans ses efforts de d\u00e9veloppement, y compris le soutien au \u00ab Groupe consultatif \u00bb, table ronde que la Mauritanie organisera au cours du premier trimestre de l\u2019ann\u00e9e prochaine et qui vise \u00e0 mobiliser des financements pour appuyer les efforts de d\u00e9veloppement d\u00e9ploy\u00e9s par le gouvernement mauritanien.<\/p>\n<p>Ont pris part \u00e0 l&#8217;audience, l&#8217;ambassadeur de notre pays en Allemagne, SEM Boubacar Kane et le directeur des Financements et de la Coop\u00e9ration \u00e9conomique au Minist\u00e8re de l\u2019\u00c9conomie et des Finances, M. Mohamed Salem Ould Nani.<\/p>\n<p>MEF<\/p>\n","protected":false},"excerpt":{"rendered":"<p>Son Excellence le ministre de l\u2019\u00c9conomie et des Finances, M. Sid&#8217;Ahmed Ould Bouh, s&#8217;est entretenu, lundi, \u00e0 Hambourg, avec la ministre allemande de la Coop\u00e9ration \u00e9conomique et du D\u00e9veloppement, Mme Svenja Schulze. Cette rencontre a \u00e9t\u00e9 consacr\u00e9e \u00e0 l\u2019examen des excellentes relations de partenariat \u00e9conomique entre notre pays et la R\u00e9publique f\u00e9d\u00e9rale d\u2019Allemagne, en particulier &hellip;<\/p>\n","protected":false},"author":2,"featured_media":11811,"comment_status":"open","ping_status":"open","sticky":false,"template":"","format":"standard","meta":{"footnotes":""},"categories":[18,2],"tags":[],"class_list":["post-11810","post","type-post","status-publish","format-standard","has-post-thumbnail","hentry","category-actualites","category-economie"],"_links":{"self":[{"href":"https:\/\/ladepeche.mr\/index.php?rest_route=\/wp\/v2\/posts\/11810","targetHints":{"allow":["GET"]}}],"collection":[{"href":"https:\/\/ladepeche.mr\/index.php?rest_route=\/wp\/v2\/posts"}],"about":[{"href":"https:\/\/ladepeche.mr\/index.php?rest_route=\/wp\/v2\/types\/post"}],"author":[{"embeddable":true,"href":"https:\/\/ladepeche.mr\/index.php?rest_route=\/wp\/v2\/users\/2"}],"replies":[{"embeddable":true,"href":"https:\/\/ladepeche.mr\/index.php?rest_route=%2Fwp%2Fv2%2Fcomments&post=11810"}],"version-history":[{"count":2,"href":"https:\/\/ladepeche.mr\/index.php?rest_route=\/wp\/v2\/posts\/11810\/revisions"}],"predecessor-version":[{"id":11813,"href":"https:\/\/ladepeche.mr\/index.php?rest_route=\/wp\/v2\/posts\/11810\/revisions\/11813"}],"wp:featuredmedia":[{"embeddable":true,"href":"https:\/\/ladepeche.mr\/index.php?rest_route=\/wp\/v2\/media\/11811"}],"wp:attachment":[{"href":"https:\/\/ladepeche.mr\/index.php?rest_route=%2Fwp%2Fv2%2Fmedia&parent=11810"}],"wp:term":[{"taxonomy":"category","embeddable":true,"href":"https:\/\/ladepeche.mr\/index.php?rest_route=%2Fwp%2Fv2%2Fcategories&post=11810"},{"taxonomy":"post_tag","embeddable":true,"href":"https:\/\/ladepeche.mr\/index.php?rest_route=%2Fwp%2Fv2%2Ftags&post=11810"}],"curies":[{"name":"wp","href":"https:\/\/api.w.org\/{rel}","templated":true}]}}