{"id":11826,"date":"2024-10-09T12:00:30","date_gmt":"2024-10-09T12:00:30","guid":{"rendered":"https:\/\/ladepeche.mr\/?p=11826"},"modified":"2024-10-09T12:00:30","modified_gmt":"2024-10-09T12:00:30","slug":"lunesco-designe-rabat-capitale-mondiale-du-livre-2026","status":"publish","type":"post","link":"https:\/\/ladepeche.mr\/?p=11826","title":{"rendered":"L\u2019UNESCO d\u00e9signe Rabat Capitale Mondiale du livre 2026"},"content":{"rendered":"<p>Rabat (MAP) &#8211; L\u2019Organisation des Nations unies pour l\u2019Education, la Science et la Culture (UNESCO) a annonc\u00e9, hier, la d\u00e9signation de la ville de Rabat comme capitale mondiale du livre 2026.<\/p>\n<p>Cette d\u00e9signation par l&#8217;UNESCO vient consacrer l&#8217;engagement du Maroc en faveur de la promotion de la culture et de la d\u00e9mocratisation du savoir, conform\u00e9ment aux Hautes Directives Royales.<\/p>\n<p>\u2018\u2019Ville lumi\u00e8re\u2019\u2019, Capitale marocaine de la Culture, Rabat ajoutera \u00e0 son palmar\u00e8s de reconnaissances mondiales et r\u00e9gionales le titre de Capitale mondiale du livre&#8221;, se f\u00e9licite le minist\u00e8re de la Culture, de la Jeunesse et de la Communication dans un communiqu\u00e9, soulignant que cette d\u00e9signation sera l&#8217;occasion de pr\u00f4ner une prise de conscience collective de l&#8217;importance du livre et de la lecture.<\/p>\n<p>Elle permettra par ailleurs de renforcer la synergie entre les instances publiques et les diff\u00e9rentes composantes de la soci\u00e9t\u00e9 civile afin de construire une soci\u00e9t\u00e9 de lecteurs, inclusive et \u00e9quitable, notamment parmi la jeunesse, poursuit la m\u00eame source, ajoutant que ce choix strat\u00e9gique est &#8220;une opportunit\u00e9 pour pr\u00e9senter la richesse de notre patrimoine culturel et pour organiser des \u00e9v\u00e9nements innovants qui favoriseront le dialogue interculturel \u00e0 travers le langage universel du livre&#8221;.<\/p>\n<p>Durant une ann\u00e9e, la litt\u00e9raire marocaine sera mise en valeur sous toutes ses formes : \u00e9criture, ateliers, d\u00e9bats, formations, salons expositions. Afin de p\u00e9renniser la vocation de la ville de Rabat comme capitale du livre et de la lecture, de nouveaux projets \u00e0 caract\u00e8re permanent seront mis en \u0153uvre, notamment \u00e0 travers la mise en place de nouveaux espaces de cr\u00e9ation pour p\u00e9renniser cette cons\u00e9cration.<\/p>\n<p>A travers ce programme d&#8217;activit\u00e9s riche et diversifi\u00e9, Rabat capitale mondiale du livre visera \u00e0 consolider la place du Livre en tant que pilier des industries culturelles et cr\u00e9atives et \u00e0 reconnaitre la lecture comme une des cl\u00e9s de r\u00e9ussite du Nouveau mod\u00e8le de d\u00e9veloppement, tout en mettant en avant la diversit\u00e9 culturelle de notre pays, conclut le communiqu\u00e9.<\/p>\n","protected":false},"excerpt":{"rendered":"<p>Rabat (MAP) &#8211; L\u2019Organisation des Nations unies pour l\u2019Education, la Science et la Culture (UNESCO) a annonc\u00e9, hier, la d\u00e9signation de la ville de Rabat comme capitale mondiale du livre 2026. Cette d\u00e9signation par l&#8217;UNESCO vient consacrer l&#8217;engagement du Maroc en faveur de la promotion de la culture et de la d\u00e9mocratisation du savoir, conform\u00e9ment &hellip;<\/p>\n","protected":false},"author":2,"featured_media":11827,"comment_status":"open","ping_status":"open","sticky":false,"template":"","format":"standard","meta":{"footnotes":""},"categories":[18,15,29],"tags":[],"class_list":["post-11826","post","type-post","status-publish","format-standard","has-post-thumbnail","hentry","category-actualites","category-culture","category-monde"],"_links":{"self":[{"href":"https:\/\/ladepeche.mr\/index.php?rest_route=\/wp\/v2\/posts\/11826","targetHints":{"allow":["GET"]}}],"collection":[{"href":"https:\/\/ladepeche.mr\/index.php?rest_route=\/wp\/v2\/posts"}],"about":[{"href":"https:\/\/ladepeche.mr\/index.php?rest_route=\/wp\/v2\/types\/post"}],"author":[{"embeddable":true,"href":"https:\/\/ladepeche.mr\/index.php?rest_route=\/wp\/v2\/users\/2"}],"replies":[{"embeddable":true,"href":"https:\/\/ladepeche.mr\/index.php?rest_route=%2Fwp%2Fv2%2Fcomments&post=11826"}],"version-history":[{"count":1,"href":"https:\/\/ladepeche.mr\/index.php?rest_route=\/wp\/v2\/posts\/11826\/revisions"}],"predecessor-version":[{"id":11828,"href":"https:\/\/ladepeche.mr\/index.php?rest_route=\/wp\/v2\/posts\/11826\/revisions\/11828"}],"wp:featuredmedia":[{"embeddable":true,"href":"https:\/\/ladepeche.mr\/index.php?rest_route=\/wp\/v2\/media\/11827"}],"wp:attachment":[{"href":"https:\/\/ladepeche.mr\/index.php?rest_route=%2Fwp%2Fv2%2Fmedia&parent=11826"}],"wp:term":[{"taxonomy":"category","embeddable":true,"href":"https:\/\/ladepeche.mr\/index.php?rest_route=%2Fwp%2Fv2%2Fcategories&post=11826"},{"taxonomy":"post_tag","embeddable":true,"href":"https:\/\/ladepeche.mr\/index.php?rest_route=%2Fwp%2Fv2%2Ftags&post=11826"}],"curies":[{"name":"wp","href":"https:\/\/api.w.org\/{rel}","templated":true}]}}