{"id":11830,"date":"2024-10-09T14:30:54","date_gmt":"2024-10-09T14:30:54","guid":{"rendered":"https:\/\/ladepeche.mr\/?p=11830"},"modified":"2024-10-09T14:34:48","modified_gmt":"2024-10-09T14:34:48","slug":"a-la-conference-de-hambourg-sur-le-developpement-durable-le-president-de-la-republique-et-de-lua-pour-une-augmentation-substantielle-de-laide-au-developpement","status":"publish","type":"post","link":"https:\/\/ladepeche.mr\/?p=11830","title":{"rendered":"D\u00e9veloppement durable : Le Pr\u00e9sident de la R\u00e9publique et de l\u2019Ua pour une augmentation substantielle de l\u2019aide au d\u00e9veloppement"},"content":{"rendered":"<p>Monsieur Mohamed Cheikh El Ghazouani, Pr\u00e9sident de la R\u00e9publique, Pr\u00e9sident en exercice de l\u2019Union Africaine, a particip\u00e9, dans le cadre de la Conf\u00e9rence de Hambourg sur le d\u00e9veloppement durable, \u00e0 un panel sur le th\u00e8me \u00ab Mettre l\u2019Afrique sur la voie de la prosp\u00e9rit\u00e9 en partenariat avec l\u2019IDA\u201d.<\/p>\n<p>Dans son intervention, le Pr\u00e9sident de la R\u00e9publique a soulign\u00e9 d\u2019abord, que les besoins en financement de l\u2019Afrique, pour atteindre les ODD ou pour mettre en \u0153uvre l\u2019Agenda 2063 de l\u2019Union Africaine, sont immenses.<\/p>\n<p>Il a rappel\u00e9 que le continent fait face \u00e0 une v\u00e9ritable crise de la dette qui a tripl\u00e9 entre 2009 et 2022, passant de 220 \u00e0 655 milliards de dollars, en soulignant que pour limiter les risques de surendettement des \u00c9tats et r\u00e9duire les co\u00fbts de financement. Les pays africains ont un grand besoin des ressources concessionnelles de l\u2019IDA.<\/p>\n<p>Il a en outre, indiqu\u00e9 que la Mauritanie subit doublement les effets n\u00e9fastes du changement climatique, car il s\u2019agit d\u2019un pays c\u00f4tier et, l\u2019augmentation des temp\u00e9ratures des oc\u00e9ans est une menace pour son littoral. Il a encore pr\u00e9cis\u00e9 que les s\u00e9cheresses successives se sont traduites par d\u2019importants mouvements de populations et une urbanisation anarchique et acc\u00e9l\u00e9r\u00e9e qui a \u00e9t\u00e9 un v\u00e9ritable d\u00e9fi pour la Mauritanie.<\/p>\n<p>Voici une synth\u00e8se de l\u2019intervention de Monsieur Mohamed Cheikh El Ghazouani:<\/p>\n<p>Au cours de ce panel organis\u00e9 dans le cadre de la Conf\u00e9rence de Hambourg sur le d\u00e9veloppement durable 2024, le Pr\u00e9sident de la R\u00e9publique, Pr\u00e9sident en exercice de l\u2019Union Africaine, Monsieur Mohamed Cheikh El Ghazouani, avait r\u00e9pondu \u00e0 deux questions dont l\u2019une a \u00e9t\u00e9 pos\u00e9e par l\u2019auditoire. Elle portait sur son appr\u00e9ciation du soutien ambitieux de l\u2019IDA 21 pour transformer le paysage du d\u00e9veloppement en Afrique.<\/p>\n<p>La seconde question lui a \u00e9t\u00e9 pos\u00e9e par un parlementaire allemand. Elle est relative \u00e0 la nature de l\u2019intervention de l\u2019IDA pour aider les pays les plus pauvres \u00e0 faire face au changement climatique et \u00e0 la perte de biodiversit\u00e9.<\/p>\n<p>Le Pr\u00e9sident de la R\u00e9publique a soulign\u00e9 d\u2019abord, que les besoins en financement de l\u2019Afrique, pour atteindre les ODD ou pour mettre en \u0153uvre l\u2019Agenda 2063 de l\u2019UA, sont immenses. Ces besoins varient entre 194 et 470 milliards de dollars selon ses estimations.<\/p>\n<p>Il a rappel\u00e9 avoir exhort\u00e9 avec certains de ses coll\u00e8gues chefs d\u2019Etats africains, les donateurs en juillet 2021, \u00e0 soutenir une reconstitution ambitieuse des ressources de l\u2019IDA 20 pour une mobilisation d\u2019au moins 90 milliards USD.<\/p>\n<p>Monsieur Mohamed Cheikh El Ghazouani s\u2019est f\u00e9licit\u00e9 des r\u00e9sultats obtenus, en indiquant qu\u2019ils ont \u00e9t\u00e9 entendus, puisque l\u2019IDA a \u00e9t\u00e9 reconstitu\u00e9e \u00e0 hauteur de 93 milliards de dollars, dont 70% ont b\u00e9n\u00e9fici\u00e9 \u00e0 l\u2019Afrique et ont permis d\u2019att\u00e9nuer les effets catastrophiques de la covid-19 sur l\u2019\u00e9conomie.<\/p>\n<p>Certes a-t-il dit, la pand\u00e9mie de la COVID-19 a disparu, mais les effets du changement climatique se sont aggrav\u00e9s depuis, et l\u2019IDA joue un r\u00f4le unique dans le financement du d\u00e9veloppement en Afrique ou elle intervient au niveau de 39 pays.<\/p>\n<p>Ainsi, avait expliqu\u00e9 le Pr\u00e9sident de la R\u00e9publique, au fil des ans, 1,5 milliard de pauvres ont b\u00e9n\u00e9fici\u00e9 des financements de l\u2019IDA dont un nombre important de nos concitoyens africains. Ainsi, l\u2019IDA a \u00e9t\u00e9 la pierre angulaire du soutien aux pays \u00e0 faible revenu, en particulier en Afrique.<\/p>\n<p>A cet effet, le Pr\u00e9sident de la R\u00e9publique a plaid\u00e9 avec force argumentation en faveur d\u2019une reconstitution encore plus ambitieuse que la pr\u00e9c\u00e9dente, m\u00eame si la premi\u00e8re a \u00e9t\u00e9 historique.<\/p>\n<p>Le Pr\u00e9sident de la R\u00e9publique a r\u00e9v\u00e9l\u00e9 que les pays africains font aujourd\u2019hui face \u00e0 un vrai dilemme, soit financer l\u2019adaptation aux effets du changement climatique, soit continuer \u00e0 lutter contre la pauvret\u00e9. Cette situation est inacceptable a-t-il dit. Il a plaid\u00e9, au nom de l\u2019Afrique, pour une augmentation substantielle de l\u2019aide au d\u00e9veloppement et, en particulier celle des fonds IDA dont l\u2019Afrique est le principal b\u00e9n\u00e9ficiaire.<\/p>\n<p>Il a rappel\u00e9 que le continent fait face \u00e0 une v\u00e9ritable crise de la dette qui a tripl\u00e9 entre 2009 et 2022, passant de 220 \u00e0 655 milliards de dollars. Aussi a-t-il soulign\u00e9 que pour limiter les risques de surendettement des \u00c9tats et r\u00e9duire les co\u00fbts de financement, les pays africains ont un grand besoin des ressources concessionnelles de l\u2019IDA.<\/p>\n<p>Le Pr\u00e9sident de la R\u00e9publique a \u00e9voqu\u00e9 dans sa r\u00e9ponse que les effets pervers du changement climatique ont leurs cons\u00e9quences dramatiques en Afrique. \u201cJe voudrais aussi souligner que les financements dans ce domaine ne sont pas \u00e0 la hauteur des d\u00e9fis\u201d , a encore indiqu\u00e9 le Pr\u00e9sident de la R\u00e9publique, Monsieur Mohamed Cheikh El Ghazouani. Le Pr\u00e9sident a donn\u00e9 des exemples sur le succ\u00e8s des op\u00e9rations financ\u00e9es par l\u2019IDA en Mauritanie et dans d\u2019autres pays africains, qui montrent, si besoin en est, que ces financements ont eu un impact positif et durable sur les \u00e9conomies de son pays et ceux des pays africains.<\/p>\n<p>Ils m\u00e9ritent \u00e0 cet effet d\u2019\u00eatre appuy\u00e9s et diversifi\u00e9s, a insist\u00e9 le Pr\u00e9sident de la R\u00e9publique qui intervenait en sa qualit\u00e9 de Pr\u00e9sident en exercice de l\u2019Union africaine.<\/p>\n<p>Le Pr\u00e9sident de la R\u00e9publique estime aussi que le choix fait par l\u2019IDA, de consacrer les financements \u00e0 la poursuite des investissements cons\u00e9quents pour une plan\u00e8te viable, pour le renforcement du capital humain, la r\u00e9alisation d\u2019infrastructures de soutien \u00e0 une croissance \u00e9conomique durable, r\u00e9ductrice des in\u00e9galit\u00e9s et cr\u00e9atrice d\u2019emplois, est tout \u00e0 fait pertinent.<\/p>\n<p>Il a en outre, indiqu\u00e9 que la Mauritanie subit doublement les effets n\u00e9fastes du changement climatique, car il s\u2019agit d\u2019un pays c\u00f4tier et, l\u2019augmentation des temp\u00e9ratures des oc\u00e9ans est une menace pour son littoral. Il a expliqu\u00e9 que d\u2019autre part, les s\u00e9cheresses successives se sont traduites par d\u2019importants mouvements de populations et une urbanisation anarchique et acc\u00e9l\u00e9r\u00e9e qui a constitu\u00e9 un v\u00e9ritable d\u00e9fi pour la Mauritanie.<\/p>\n<p>En Mauritanie, le Pr\u00e9sident de la R\u00e9publique a mis en exergue que les financements IDA ont permis de mettre en place plusieurs programmes pour faire face \u00e0 ces d\u00e9fis, notamment l\u2019appui \u00e0 la protection de la biodiversit\u00e9 c\u00f4ti\u00e8re et marine, le d\u00e9veloppement de techniques d\u2019agriculture et d\u2019irrigation r\u00e9sistantes et l\u2019autonomisation de communaut\u00e9s par le d\u00e9veloppement des activit\u00e9s assurant la subsistance. Alors que d\u2019autres projets IDA a-t-il dit, ont contribu\u00e9 \u00e0 soutenir la transition de la Mauritanie vers les \u00e9nergies renouvelables.<\/p>\n<p>Le Pr\u00e9sident de la Republie a indiqu\u00e9 que le projet Banda de conversion du gaz en \u00e9lectricit\u00e9 va consid\u00e9rablement augmenter la capacit\u00e9 de la Mauritanie, \u00e0 produire de l\u2019\u00e9nergie propre, r\u00e9duisant ainsi sa d\u00e9pendance aux combustibles fossiles et les \u00e9missions de gaz \u00e0 effet de serre.<\/p>\n<p>\u201cL\u2019IDA nous a soutenu pour l\u2019\u00e9laboration de la strat\u00e9gie de l\u2019hydrog\u00e8ne vert, l\u2019adoption du code et les n\u00e9gociations pour le d\u00e9veloppement des projets d\u2019Hydrog\u00e8ne vert en Mauritanie o\u00f9 le potentiel est gigantesque\u201d, a-t-il soulign\u00e9.<\/p>\n<p>Dans ce m\u00eame contexte, le Pr\u00e9sident de la R\u00e9publique avait mentionn\u00e9 que les initiatives de l\u2019IDA se sont \u00e9galement concentr\u00e9es sur la riche biodiversit\u00e9 de la Mauritanie.<\/p>\n<p>Leurs objectifs visent \u00e0 prot\u00e9ger ses \u00e9cosyst\u00e8mes c\u00f4tiers et la vie marine ont non seulement pr\u00e9serv\u00e9 le patrimoine naturel mais aussi soutenir les moyens de subsistance des communaut\u00e9s locales qui d\u00e9pendent de la p\u00eache et du tourisme.<\/p>\n<p>Enfin, le Pr\u00e9sident de la R\u00e9publique a r\u00e9it\u00e9r\u00e9, au nom de l\u2019Union Africaine et en son nom propre, ses remerciements aux pays donateurs de l\u2019IDA pour leur g\u00e9n\u00e9rosit\u00e9 et, a appel\u00e9 \u00e0 une reconstitution ambitieuse et solide des ressources de l\u2019IDA21 \u00e0 la hauteur des diff\u00e9rents challenges de l\u2019\u00e9poque.<\/p>\n<p>La Conf\u00e9rence de Hambourg sur le d\u00e9veloppement durable,, organis\u00e9e par le Gouvernement f\u00e9d\u00e9ral allemand en collaboration avec le Programme des Nations unies pour le D\u00e9veloppement (PNUD), la Fondation Michael Otto et la ville de Hambourg, r\u00e9unit des chefs d\u2019\u00c9tat et de gouvernement, des d\u00e9cideurs politiques, des experts, des chefs d\u2019entreprise, des institutions financi\u00e8res et des repr\u00e9sentants de la soci\u00e9t\u00e9 civile du monde entier.<\/p>\n<p>La conf\u00e9rence s\u2019est d\u00e9roul\u00e9e en pr\u00e9sence du ministre charg\u00e9 de cabinet du Pr\u00e9sident de la R\u00e9publique, M. Nani Ould Chrougha, du ministre de l\u2019\u00c9conomie et des Finances, M. Sid\u2019Ahmed Ould Bouh et de l\u2019ambassadeur de Mauritanie \u00e0 Berlin, M. Boubacar Kane.<\/p>\n<p>Cette conf\u00e9rence a r\u00e9uni des d\u00e9cideurs politiques, des chefs d\u2019entreprise, des universitaires, le secteur priv\u00e9 et la soci\u00e9t\u00e9 civile pour acc\u00e9l\u00e9rer la r\u00e9alisation des Objectifs de D\u00e9veloppement Durable (ODD) en relevant les d\u00e9fis de mani\u00e8re efficace et rapide, dans un monde o\u00f9 divers conflits et tensions ralentissent le d\u00e9veloppement. Elle vise aussi \u00e0 sensibiliser \u00e0 l\u2019importance de la participation des individus et des communaut\u00e9s locales \u00e0 la r\u00e9alisation des ODD.<\/p>\n<p>Ami<\/p>\n","protected":false},"excerpt":{"rendered":"<p>Monsieur Mohamed Cheikh El Ghazouani, Pr\u00e9sident de la R\u00e9publique, Pr\u00e9sident en exercice de l\u2019Union Africaine, a particip\u00e9, dans le cadre de la Conf\u00e9rence de Hambourg sur le d\u00e9veloppement durable, \u00e0 un panel sur le th\u00e8me \u00ab Mettre l\u2019Afrique sur la voie de la prosp\u00e9rit\u00e9 en partenariat avec l\u2019IDA\u201d. Dans son intervention, le Pr\u00e9sident de la &hellip;<\/p>\n","protected":false},"author":2,"featured_media":11831,"comment_status":"open","ping_status":"open","sticky":false,"template":"","format":"standard","meta":{"footnotes":""},"categories":[18,2,29],"tags":[],"class_list":["post-11830","post","type-post","status-publish","format-standard","has-post-thumbnail","hentry","category-actualites","category-economie","category-monde"],"_links":{"self":[{"href":"https:\/\/ladepeche.mr\/index.php?rest_route=\/wp\/v2\/posts\/11830","targetHints":{"allow":["GET"]}}],"collection":[{"href":"https:\/\/ladepeche.mr\/index.php?rest_route=\/wp\/v2\/posts"}],"about":[{"href":"https:\/\/ladepeche.mr\/index.php?rest_route=\/wp\/v2\/types\/post"}],"author":[{"embeddable":true,"href":"https:\/\/ladepeche.mr\/index.php?rest_route=\/wp\/v2\/users\/2"}],"replies":[{"embeddable":true,"href":"https:\/\/ladepeche.mr\/index.php?rest_route=%2Fwp%2Fv2%2Fcomments&post=11830"}],"version-history":[{"count":2,"href":"https:\/\/ladepeche.mr\/index.php?rest_route=\/wp\/v2\/posts\/11830\/revisions"}],"predecessor-version":[{"id":11833,"href":"https:\/\/ladepeche.mr\/index.php?rest_route=\/wp\/v2\/posts\/11830\/revisions\/11833"}],"wp:featuredmedia":[{"embeddable":true,"href":"https:\/\/ladepeche.mr\/index.php?rest_route=\/wp\/v2\/media\/11831"}],"wp:attachment":[{"href":"https:\/\/ladepeche.mr\/index.php?rest_route=%2Fwp%2Fv2%2Fmedia&parent=11830"}],"wp:term":[{"taxonomy":"category","embeddable":true,"href":"https:\/\/ladepeche.mr\/index.php?rest_route=%2Fwp%2Fv2%2Fcategories&post=11830"},{"taxonomy":"post_tag","embeddable":true,"href":"https:\/\/ladepeche.mr\/index.php?rest_route=%2Fwp%2Fv2%2Ftags&post=11830"}],"curies":[{"name":"wp","href":"https:\/\/api.w.org\/{rel}","templated":true}]}}